{"id":2807,"date":"2012-11-13T13:37:24","date_gmt":"2012-11-13T17:37:24","guid":{"rendered":"http:\/\/www.upla.cl\/bibliotecas\/?p=2807"},"modified":"2016-06-29T13:58:32","modified_gmt":"2016-06-29T17:58:32","slug":"dos-artistas-visuales-mapuches-exponen-en-nuestra-galeria-crea-arte-las-obras-estaran-exhibiendose-hasta-el-dia-30-de-noviembre-2012","status":"publish","type":"post","link":"https:\/\/www.upla.cl\/bibliotecas\/dos-artistas-visuales-mapuches-exponen-en-nuestra-galeria-crea-arte-las-obras-estaran-exhibiendose-hasta-el-dia-30-de-noviembre-2012\/","title":{"rendered":"Dos artistas visuales Mapuches, exponen en nuestra Galer\u00eda Crea Arte. Las obras estar\u00e1n exhibi\u00e9ndose hasta el d\u00eda 30 de noviembre 2012"},"content":{"rendered":"<p><strong><a href=\"https:\/\/www.upla.cl\/bibliotecas\/wp-content\/uploads\/crearte0.jpg\"><img decoding=\"async\" class=\"alignleft  wp-image-2466\" style=\"border: 0px; margin: 5px;\" title=\"crearte0\" src=\"https:\/\/www.upla.cl\/bibliotecas\/wp-content\/uploads\/crearte0-300x192.jpg\" alt=\"\" width=\"200\" srcset=\"https:\/\/www.upla.cl\/bibliotecas\/wp-content\/uploads\/crearte0-300x192.jpg 300w, https:\/\/www.upla.cl\/bibliotecas\/wp-content\/uploads\/crearte0.jpg 500w\" sizes=\"(max-width: 300px) 100vw, 300px\" \/><\/a>Mar\u00eda Cecilia Nahuelquin<\/strong>, nace en Valpara\u00edso, Artista Visual, poeta, Educadora Intercultural y Dirigente Ind\u00edgena.<br \/>\nA trav\u00e9s de su obra Cecilia se enfoca en la b\u00fasqueda incesante de la identidad de la mujer mapuche y a trav\u00e9s de esta generar un acto dial\u00f3gico entre la cultura ind\u00edgena y la sociedad chilena.<br \/>\nEs en este dialogo se propone el rescate de su cultura como un medio de expresi\u00f3n y de valoraci\u00f3n, el sentido de recuperaci\u00f3n de la memoria y sabidur\u00eda de sus antepasados anclado en su presente, la cosmovisi\u00f3n, la naturaleza y su relaci\u00f3n arm\u00f3nica con el ser humano.<br \/>\n<a class=\"lightbox\" href=\"https:\/\/www.upla.cl\/bibliotecas\/wp-content\/uploads\/cecilia-04.jpg\"><img loading=\"lazy\" decoding=\"async\" class=\"alignleft size-thumbnail wp-image-2815\" title=\"cecilia-04\" src=\"https:\/\/www.upla.cl\/bibliotecas\/wp-content\/uploads\/cecilia-04-150x150.jpg\" alt=\"\" width=\"150\" height=\"150\" \/><\/a><a class=\"lightbox\" href=\"https:\/\/www.upla.cl\/bibliotecas\/wp-content\/uploads\/cecilia-03.jpg\"><img loading=\"lazy\" decoding=\"async\" class=\"alignleft size-thumbnail wp-image-2814\" title=\"cecilia-03\" src=\"https:\/\/www.upla.cl\/bibliotecas\/wp-content\/uploads\/cecilia-03-150x150.jpg\" alt=\"\" width=\"150\" height=\"150\" \/><\/a><a class=\"lightbox\" href=\"https:\/\/www.upla.cl\/bibliotecas\/wp-content\/uploads\/cecilia-01.jpg\"><img loading=\"lazy\" decoding=\"async\" class=\"alignleft size-thumbnail wp-image-2813\" title=\"cecilia-01\" src=\"https:\/\/www.upla.cl\/bibliotecas\/wp-content\/uploads\/cecilia-01-150x150.jpg\" alt=\"\" width=\"150\" height=\"150\" \/><\/a><\/p>\n<div style=\"height:30px;\">   <\/div>\n<p><strong>Guillermina Antinao<\/strong>, desde su origen Mapuche, aborda lo cotidiano usando como expresi\u00f3n el retrato. En donde a trav\u00e9s de una descripci\u00f3n visual de las facciones de la mujer mapuche, expresa la rudeza de sus vivencias y el continuo sacrificio de la mujer ind\u00edgena.<br \/>\nEn sus obras ella expresa la necesidad de valorar la cultura mapuche a partir de una visi\u00f3n pict\u00f3rica tomando como referencia la cotidianeidad de la mujer ind\u00edgena en su contacto con la naturaleza y la historia.<br \/>\n<a class=\"lightbox\" href=\"https:\/\/www.upla.cl\/bibliotecas\/wp-content\/uploads\/Guillermina-01.jpg\"><img loading=\"lazy\" decoding=\"async\" class=\"alignleft size-thumbnail wp-image-2818\" title=\"Guillermina-01\" src=\"https:\/\/www.upla.cl\/bibliotecas\/wp-content\/uploads\/Guillermina-01-150x150.jpg\" alt=\"\" width=\"150\" height=\"150\" \/><\/a><a class=\"lightbox\" href=\"https:\/\/www.upla.cl\/bibliotecas\/wp-content\/uploads\/guillermina-03.jpg\"><img loading=\"lazy\" decoding=\"async\" class=\"alignleft size-thumbnail wp-image-2817\" title=\"guillermina-03\" src=\"https:\/\/www.upla.cl\/bibliotecas\/wp-content\/uploads\/guillermina-03-150x150.jpg\" alt=\"\" width=\"150\" height=\"150\" \/><\/a><a class=\"lightbox\" href=\"https:\/\/www.upla.cl\/bibliotecas\/wp-content\/uploads\/guillermina-02.jpg\"><img loading=\"lazy\" decoding=\"async\" class=\"alignleft size-thumbnail wp-image-2816\" title=\"guillermina-02\" src=\"https:\/\/www.upla.cl\/bibliotecas\/wp-content\/uploads\/guillermina-02-150x150.jpg\" alt=\"\" width=\"150\" height=\"150\" \/><\/a><\/p>\n","protected":false},"excerpt":{"rendered":"<p>Mar\u00eda Cecilia Nahuelquin, nace en Valpara\u00edso, Artista Visual, poeta, Educadora Intercultural y Dirigente Ind\u00edgena. A trav\u00e9s de su obra Cecilia se enfoca en la b\u00fasqueda incesante de la identidad de la mujer mapuche y a trav\u00e9s de esta generar un acto dial\u00f3gico entre la cultura ind\u00edgena y la sociedad chilena. Es en este dialogo se [&hellip;]<\/p>\n","protected":false},"author":15,"featured_media":0,"comment_status":"closed","ping_status":"closed","sticky":false,"template":"","format":"standard","meta":{"_et_pb_use_builder":"","_et_pb_old_content":"","_et_gb_content_width":"","_uf_show_specific_survey":0,"_uf_disable_surveys":false,"footnotes":""},"categories":[1],"tags":[],"class_list":["post-2807","post","type-post","status-publish","format-standard","hentry","category-galeria"],"_links":{"self":[{"href":"https:\/\/www.upla.cl\/bibliotecas\/wp-json\/wp\/v2\/posts\/2807","targetHints":{"allow":["GET"]}}],"collection":[{"href":"https:\/\/www.upla.cl\/bibliotecas\/wp-json\/wp\/v2\/posts"}],"about":[{"href":"https:\/\/www.upla.cl\/bibliotecas\/wp-json\/wp\/v2\/types\/post"}],"author":[{"embeddable":true,"href":"https:\/\/www.upla.cl\/bibliotecas\/wp-json\/wp\/v2\/users\/15"}],"replies":[{"embeddable":true,"href":"https:\/\/www.upla.cl\/bibliotecas\/wp-json\/wp\/v2\/comments?post=2807"}],"version-history":[{"count":53,"href":"https:\/\/www.upla.cl\/bibliotecas\/wp-json\/wp\/v2\/posts\/2807\/revisions"}],"predecessor-version":[{"id":5237,"href":"https:\/\/www.upla.cl\/bibliotecas\/wp-json\/wp\/v2\/posts\/2807\/revisions\/5237"}],"wp:attachment":[{"href":"https:\/\/www.upla.cl\/bibliotecas\/wp-json\/wp\/v2\/media?parent=2807"}],"wp:term":[{"taxonomy":"category","embeddable":true,"href":"https:\/\/www.upla.cl\/bibliotecas\/wp-json\/wp\/v2\/categories?post=2807"},{"taxonomy":"post_tag","embeddable":true,"href":"https:\/\/www.upla.cl\/bibliotecas\/wp-json\/wp\/v2\/tags?post=2807"}],"curies":[{"name":"wp","href":"https:\/\/api.w.org\/{rel}","templated":true}]}}