{"id":93995,"date":"2019-01-17T20:04:07","date_gmt":"2019-01-17T23:04:07","guid":{"rendered":"https:\/\/www.upla.cl\/admision\/?p=93995"},"modified":"2019-01-20T14:13:26","modified_gmt":"2019-01-20T17:13:26","slug":"revisa-aqui-las-listas-de-espera-upla2019","status":"publish","type":"post","link":"https:\/\/www.upla.cl\/admision\/2019\/01\/17\/revisa-aqui-las-listas-de-espera-upla2019\/","title":{"rendered":"Revisa aqu\u00ed las listas de espera #UPLA2019"},"content":{"rendered":"<p>[et_pb_section fb_built=\u00bb1&#8243; _builder_version=\u00bb3.19.5&#8243; custom_padding=\u00bb30px|0px|0px|0px|false|false\u00bb][et_pb_row _builder_version=\u00bb3.19.5&#8243;][et_pb_column type=\u00bb3_4&#8243; _builder_version=\u00bb3.19.5&#8243; parallax=\u00bboff\u00bb parallax_method=\u00bbon\u00bb][et_pb_text _builder_version=\u00bb3.19.6&#8243;]<\/p>\n<p>Desde el d\u00eda 21 al 24 de enero de 2019\u00a0 se efectuar\u00e1 la matr\u00edcula de los postulantes de la\u00a0<strong>\u201cLista Adicional \u00a0de Espera\u201d, <\/strong>los que se encuentran ubicados entre los n\u00fameros de orden que se indican en la tabla a continuaci\u00f3n.<\/p>\n<p>El horario de atenci\u00f3n de las jornadas ser\u00e1 continuado entre las 9 y las 17.00 horas.<\/p>\n<h2>Primera etapa: Matr\u00edcula en l\u00ednea<\/h2>\n<p>Para realizar el proceso en l\u00ednea, se deber\u00e1 ingresar al Portal de Matr\u00edcula, disponible a trav\u00e9s del sitio web Upla.cl, acceso que estar\u00e1 disponible a partir de las 00.01 horas del lunes 21 de enero.<\/p>\n<h2>Segunda etapa: Presencial<\/h2>\n<p>En la\u00a0 Biblioteca Central de la Universidad de Playa Ancha, ubicada en Avenida Gonz\u00e1lez de Hontaneda 855, Playa Ancha, Valpara\u00edso\u00a0y Campus San Felipe, en Benigno Caldera 351, San Felipe. Esto es v\u00e1lido para todas las carreras, independiente del campus en donde se imparten.<\/p>\n<p>&nbsp;<\/p>\n<p>[\/et_pb_text][\/et_pb_column][et_pb_column type=\u00bb1_4&#8243; _builder_version=\u00bb3.19.5&#8243; parallax=\u00bboff\u00bb parallax_method=\u00bbon\u00bb][et_pb_button button_url=\u00bbhttps:\/\/acceso.upla.cl\/portal_postulante\/Default.aspx?ReturnUrl=%2fportal_postulante%2f\u00bb button_text=\u00bbPortal de matr\u00edcula\u00bb _builder_version=\u00bb3.19.5&#8243;][\/et_pb_button][\/et_pb_column][\/et_pb_row][et_pb_row custom_padding=\u00bb30px|0px|0px|0px|false|false\u00bb _builder_version=\u00bb3.19.5&#8243;][et_pb_column type=\u00bb1_2&#8243; _builder_version=\u00bb3.19.5&#8243; parallax=\u00bboff\u00bb parallax_method=\u00bbon\u00bb][et_pb_text _builder_version=\u00bb3.19.6&#8243;]<\/p>\n<h3>Lista adicional de espera<\/h3>\n<table style=\"width: 100%; height: 366px;\" border=\"0\" width=\"100%\" cellspacing=\"0\" cellpadding=\"0\">\n<colgroup>\n<col width=\"87\" \/>\n<col width=\"236\" \/>\n<col span=\"2\" width=\"92\" \/><\/colgroup>\n<tbody>\n<tr style=\"height: 23px;\">\n<td class=\"xl66\" style=\"height: 23px; width: 17.22222222222222%;\" width=\"87\" height=\"23\">\n<h3>Clave<\/h3>\n<\/td>\n<td class=\"xl70\" style=\"height: 23px; width: 46.111111111111114%;\" width=\"236\">\n<h3>Carreras<\/h3>\n<\/td>\n<td class=\"xl73\" style=\"height: 23px; width: 18.14814814814815%;\" width=\"92\">\n<h3>Desde<\/h3>\n<\/td>\n<td class=\"xl74\" style=\"height: 23px; width: 18.14814814814815%;\" width=\"92\">\n<h3>Hasta<\/h3>\n<\/td>\n<\/tr>\n<tr style=\"height: 23px;\">\n<td class=\"xl67\" style=\"height: 23px; width: 17.22222222222222%;\" height=\"20\">26010<\/td>\n<td class=\"xl68\" style=\"height: 23px; width: 46.111111111111114%;\"><a href=\"https:\/\/www.upla.cl\/admision\/carreras-profesionales\/facultad-de-humanidades\/pedagogia-en-castellano-valparaiso\/\" target=\"_blank\" rel=\"noopener\">Pedagog\u00eda en Castellano<\/a><\/td>\n<td class=\"xl74\" style=\"height: 23px; width: 18.14814814814815%;\">72<\/td>\n<td class=\"xl74\" style=\"height: 23px; width: 18.14814814814815%;\">77<\/td>\n<\/tr>\n<tr style=\"height: 23px;\">\n<td class=\"xl67\" style=\"height: 23px; width: 17.22222222222222%;\" height=\"20\">26025<\/td>\n<td class=\"xl68\" style=\"height: 23px; width: 46.111111111111114%;\"><a href=\"https:\/\/www.upla.cl\/admision\/carreras-profesionales\/facultad-de-humanidades\/pedagogia-en-ingles-valparaiso\/\" target=\"_blank\" rel=\"noopener\">Pedagog\u00eda en Ingl\u00e9s<\/a><\/td>\n<td class=\"xl74\" style=\"height: 23px; width: 18.14814814814815%;\">69<\/td>\n<td class=\"xl74\" style=\"height: 23px; width: 18.14814814814815%;\">75<\/td>\n<\/tr>\n<tr style=\"height: 23px;\">\n<td class=\"xl67\" style=\"height: 23px; width: 17.22222222222222%;\" height=\"20\">26029<\/td>\n<td class=\"xl68\" style=\"height: 23px; width: 46.111111111111114%;\"><a href=\"https:\/\/www.upla.cl\/admision\/carreras-profesionales\/facultad-de-humanidades\/traduccion-e-interpretacion-ingles-espanol\/\" target=\"_blank\" rel=\"noopener\">Traducci\u00f3n e Interpretaci\u00f3n Ingl\u00e9s-Espa\u00f1ol<\/a><\/td>\n<td class=\"xl74\" style=\"height: 23px; width: 18.14814814814815%;\">98<\/td>\n<td class=\"xl74\" style=\"height: 23px; width: 18.14814814814815%;\">107<\/td>\n<\/tr>\n<tr style=\"height: 23px;\">\n<td class=\"xl67\" style=\"height: 23px; width: 17.22222222222222%;\" height=\"20\">26032<\/td>\n<td class=\"xl68\" style=\"height: 23px; width: 46.111111111111114%;\"><a href=\"https:\/\/www.upla.cl\/admision\/carreras-profesionales\/facultad-de-arte\/licenciatura-en-arte\/\">Licenciatura en Arte<\/a><\/td>\n<td class=\"xl74\" style=\"height: 23px; width: 18.14814814814815%;\">74<\/td>\n<td class=\"xl74\" style=\"height: 23px; width: 18.14814814814815%;\">84<\/td>\n<\/tr>\n<tr style=\"height: 23px;\">\n<td class=\"xl67\" style=\"height: 23px; width: 17.22222222222222%;\" height=\"20\">26052<\/td>\n<td class=\"xl68\" style=\"height: 23px; width: 46.111111111111114%;\"><a href=\"https:\/\/www.upla.cl\/admision\/carreras-profesionales\/facultad-de-ciencias-de-la-salud\/fonoaudiologia\/\">Fonoaudiolog\u00eda<\/a><\/td>\n<td class=\"xl74\" style=\"height: 23px; width: 18.14814814814815%;\">78<\/td>\n<td class=\"xl74\" style=\"height: 23px; width: 18.14814814814815%;\">92<\/td>\n<\/tr>\n<tr style=\"height: 21px;\">\n<td class=\"xl67\" style=\"height: 21px; width: 17.2222%;\" height=\"20\">26071<\/td>\n<td class=\"xl68\" style=\"height: 21px; width: 46.1111%;\"><a href=\"https:\/\/www.upla.cl\/admision\/carreras-profesionales\/facultad-de-ciencias-de-la-salud\/nutricion-y-dietetica\/\">Nutrici\u00f3n y Diet\u00e9tica<\/a><\/td>\n<td class=\"xl74\" style=\"height: 21px; width: 18.1481%;\">94<\/td>\n<td class=\"xl74\" style=\"height: 21px; width: 18.1481%;\">103<\/td>\n<\/tr>\n<tr style=\"height: 23px;\">\n<td class=\"xl67\" style=\"height: 23px; width: 17.22222222222222%;\" height=\"20\">26082<\/td>\n<td class=\"xl68\" style=\"height: 23px; width: 46.111111111111114%;\"><a href=\"https:\/\/www.upla.cl\/admision\/carreras-profesionales\/facultad-de-ciencias-sociales\/periodismo\/\">Periodismo<\/a><\/td>\n<td class=\"xl74\" style=\"height: 23px; width: 18.14814814814815%;\">93<\/td>\n<td class=\"xl74\" style=\"height: 23px; width: 18.14814814814815%;\">116<\/td>\n<\/tr>\n<tr style=\"height: 23px;\">\n<td class=\"xl67\" style=\"height: 23px; width: 17.22222222222222%;\" height=\"20\">26083<\/td>\n<td class=\"xl68\" style=\"height: 23px; width: 46.111111111111114%;\"><a href=\"https:\/\/www.upla.cl\/admision\/carreras-profesionales\/facultad-de-humanidades\/administracion-turistica-multilingue\/\">Administraci\u00f3n Tur\u00edstica Multiling\u00fce<\/a><\/td>\n<td class=\"xl74\" style=\"height: 23px; width: 18.14814814814815%;\">66<\/td>\n<td class=\"xl74\" style=\"height: 23px; width: 18.14814814814815%;\">85<\/td>\n<\/tr>\n<tr style=\"height: 23px;\">\n<td class=\"xl67\" style=\"height: 23px; width: 17.22222222222222%;\" height=\"20\">26084<\/td>\n<td class=\"xl68\" style=\"height: 23px; width: 46.111111111111114%;\"><a href=\"https:\/\/www.upla.cl\/admision\/carreras-profesionales\/facultad-de-ciencias-sociales\/psicologia\/\">Psicolog\u00eda<\/a><\/td>\n<td class=\"xl74\" style=\"height: 23px; width: 18.14814814814815%;\">114<\/td>\n<td class=\"xl74\" style=\"height: 23px; width: 18.14814814814815%;\">120<\/td>\n<\/tr>\n<tr style=\"height: 23px;\">\n<td class=\"xl67\" style=\"height: 23px; width: 17.22222222222222%;\" height=\"20\">26092<\/td>\n<td class=\"xl68\" style=\"height: 23px; width: 46.111111111111114%;\"><a href=\"https:\/\/www.upla.cl\/admision\/carreras-profesionales\/facultad-de-ciencias-de-la-salud\/enfermeria\/\">Enfermer\u00eda<\/a><\/td>\n<td class=\"xl74\" style=\"height: 23px; width: 18.14814814814815%;\">81<\/td>\n<td class=\"xl74\" style=\"height: 23px; width: 18.14814814814815%;\">92<\/td>\n<\/tr>\n<tr style=\"height: 23px;\">\n<td class=\"xl67\" style=\"height: 23px; width: 17.22222222222222%;\" height=\"20\">26093<\/td>\n<td class=\"xl68\" style=\"height: 23px; width: 46.111111111111114%;\"><a href=\"https:\/\/www.upla.cl\/admision\/carreras-profesionales\/facultad-de-ciencias-de-la-salud\/terapia-ocupacional\/\">Terapia Ocupacional<\/a><\/td>\n<td class=\"xl74\" style=\"height: 23px; width: 18.14814814814815%;\">74<\/td>\n<td class=\"xl74\" style=\"height: 23px; width: 18.14814814814815%;\">79<\/td>\n<\/tr>\n<tr style=\"height: 23px;\">\n<td class=\"xl67\" style=\"height: 23px; width: 17.22222222222222%;\" height=\"20\">26094<\/td>\n<td class=\"xl68\" style=\"height: 23px; width: 46.111111111111114%;\"><a href=\"https:\/\/www.upla.cl\/admision\/carreras-profesionales\/facultad-de-ciencias-de-la-salud\/kinesiologia\/\">Kinesiolog\u00eda<\/a><\/td>\n<td class=\"xl74\" style=\"height: 23px; width: 18.14814814814815%;\">86<\/td>\n<td class=\"xl74\" style=\"height: 23px; width: 18.14814814814815%;\">108<\/td>\n<\/tr>\n<tr style=\"height: 23px;\">\n<td class=\"xl67\" style=\"height: 23px; width: 17.22222222222222%;\" height=\"20\">26096<\/td>\n<td class=\"xl68\" style=\"height: 23px; width: 46.111111111111114%;\"><a href=\"https:\/\/www.upla.cl\/admision\/carreras-profesionales\/facultad-de-ciencias-sociales\/sociologia\/\">Sociolog\u00eda<\/a><\/td>\n<td class=\"xl74\" style=\"height: 23px; width: 18.14814814814815%;\">65<\/td>\n<td class=\"xl74\" style=\"height: 23px; width: 18.14814814814815%;\">75<\/td>\n<\/tr>\n<\/tbody>\n<\/table>\n<p>[\/et_pb_text][et_pb_button button_url=\u00bbhttps:\/\/www.upla.cl\/admision\/2019\/01\/15\/upla-da-a-conocer-listas-de-repostulacion-de-carreras\/\u00bb button_text=\u00bbRecuerda revisar aqu\u00ed las carreras con repostulaci\u00f3n regular\u00bb admin_label=\u00bbRepostulaci\u00f3n regular\u00bb _builder_version=\u00bb3.19.5&#8243; custom_button=\u00bbon\u00bb button_text_color=\u00bb#ffffff\u00bb button_bg_color=\u00bb#0c71c3&#8243; button_font=\u00bb||||||||\u00bb][\/et_pb_button][\/et_pb_column][et_pb_column type=\u00bb1_2&#8243; _builder_version=\u00bb3.19.5&#8243; parallax=\u00bboff\u00bb parallax_method=\u00bbon\u00bb][et_pb_text _builder_version=\u00bb3.19.5&#8243;]<\/p>\n<h3>Lista de espera PACE<\/h3>\n<table style=\"width: 100%; height: 460px;\" border=\"0\" width=\"100%\" cellspacing=\"0\" cellpadding=\"0\">\n<colgroup>\n<col width=\"87\" \/>\n<col width=\"236\" \/>\n<col span=\"2\" width=\"92\" \/><\/colgroup>\n<tbody>\n<tr style=\"height: 23px;\">\n<td class=\"xl66\" style=\"height: 23px; width: 17.22222222222222%;\" width=\"87\" height=\"23\">\n<h3>Clave<\/h3>\n<\/td>\n<td class=\"xl70\" style=\"height: 23px; width: 46.111111111111114%;\" width=\"236\">\n<h3>Carreras<\/h3>\n<\/td>\n<td class=\"xl73\" style=\"height: 23px; width: 18.14814814814815%;\" width=\"92\">\n<h3>Desde<\/h3>\n<\/td>\n<td class=\"xl74\" style=\"height: 23px; width: 18.14814814814815%;\" width=\"92\">\n<h3>Hasta<\/h3>\n<\/td>\n<\/tr>\n<tr style=\"height: 23px;\">\n<td class=\"xl67\" style=\"height: 23px; width: 17.22222222222222%;\" height=\"20\">26007<\/td>\n<td class=\"xl68\" style=\"height: 23px; width: 46.111111111111114%;\"><a href=\"https:\/\/www.upla.cl\/admision\/carreras-profesionales\/facultad-de-ciencias-de-laeducacion\/pedagogia-en-educacion-diferencial\/\" target=\"_blank\" rel=\"noopener\">Pedagog\u00eda en Educaci\u00f3n Diferencial<\/a><\/td>\n<td class=\"xl74\" style=\"height: 23px; width: 18.14814814814815%;\">6<\/td>\n<td class=\"xl74\" style=\"height: 23px; width: 18.14814814814815%;\">7<\/td>\n<\/tr>\n<tr style=\"height: 23px;\">\n<td class=\"xl67\" style=\"height: 23px; width: 17.22222222222222%;\" height=\"20\">26052<\/td>\n<td class=\"xl68\" style=\"height: 23px; width: 46.111111111111114%;\"><a href=\"https:\/\/www.upla.cl\/admision\/carreras-profesionales\/facultad-de-ciencias-de-la-salud\/fonoaudiologia\/\">Fonoaudiolog\u00eda<\/a><\/td>\n<td class=\"xl74\" style=\"height: 23px; width: 18.14814814814815%;\">3<\/td>\n<td class=\"xl74\" style=\"height: 23px; width: 18.14814814814815%;\">4<\/td>\n<\/tr>\n<tr style=\"height: 23px;\">\n<td class=\"xl67\" style=\"height: 23px; width: 17.22222222222222%;\" height=\"20\">26093<\/td>\n<td class=\"xl68\" style=\"height: 23px; width: 46.111111111111114%;\"><a href=\"https:\/\/www.upla.cl\/admision\/carreras-profesionales\/facultad-de-ciencias-de-la-salud\/terapia-ocupacional\/\">Terapia Ocupacional<\/a><\/td>\n<td class=\"xl74\" style=\"height: 23px; width: 18.14814814814815%;\">3<\/td>\n<td class=\"xl74\" style=\"height: 23px; width: 18.14814814814815%;\">4<\/td>\n<\/tr>\n<tr style=\"height: 23px;\">\n<td class=\"xl67\" style=\"height: 23px; width: 17.22222222222222%;\" height=\"20\">26094<\/td>\n<td class=\"xl68\" style=\"height: 23px; width: 46.111111111111114%;\"><a href=\"https:\/\/www.upla.cl\/admision\/carreras-profesionales\/facultad-de-ciencias-de-la-salud\/kinesiologia\/\">Kinesiolog\u00eda<\/a><\/td>\n<td class=\"xl74\" style=\"height: 23px; width: 18.14814814814815%;\">3<\/td>\n<td class=\"xl74\" style=\"height: 23px; width: 18.14814814814815%;\">4<\/td>\n<\/tr>\n<\/tbody>\n<\/table>\n<p>[\/et_pb_text][et_pb_button button_url=\u00bbhttps:\/\/www.upla.cl\/admision\/2019\/01\/17\/atencion-estudiante-pace-revisa-aqui-la-lista-de-carreras-con-repostulacion-especial-para-el-programa\/\u00bb button_text=\u00bbRecuerda revisar aqu\u00ed las carreras con repostulaci\u00f3n especial para el programa PACE\u00bb admin_label=\u00bbRepostulaci\u00f3n PACE\u00bb _builder_version=\u00bb3.19.5&#8243; custom_button=\u00bbon\u00bb button_text_color=\u00bb#ffffff\u00bb button_bg_color=\u00bb#e02b20&#8243; button_font=\u00bb||||||||\u00bb][\/et_pb_button][\/et_pb_column][\/et_pb_row][\/et_pb_section]<\/p>\n","protected":false},"excerpt":{"rendered":"<p>A partir de este viernes se da inicio a la segunda etapa de matr\u00edcula 2019.<\/p>\n","protected":false},"author":7,"featured_media":94004,"comment_status":"closed","ping_status":"closed","sticky":false,"template":"","format":"standard","meta":{"_et_pb_use_builder":"on","_et_pb_old_content":"","_et_gb_content_width":"","footnotes":""},"categories":[3,6,8],"tags":[],"class_list":["post-93995","post","type-post","status-publish","format-standard","has-post-thumbnail","hentry","category-fechas","category-novedades","category-vias-de-admision"],"_links":{"self":[{"href":"https:\/\/www.upla.cl\/admision\/wp-json\/wp\/v2\/posts\/93995","targetHints":{"allow":["GET"]}}],"collection":[{"href":"https:\/\/www.upla.cl\/admision\/wp-json\/wp\/v2\/posts"}],"about":[{"href":"https:\/\/www.upla.cl\/admision\/wp-json\/wp\/v2\/types\/post"}],"author":[{"embeddable":true,"href":"https:\/\/www.upla.cl\/admision\/wp-json\/wp\/v2\/users\/7"}],"replies":[{"embeddable":true,"href":"https:\/\/www.upla.cl\/admision\/wp-json\/wp\/v2\/comments?post=93995"}],"version-history":[{"count":0,"href":"https:\/\/www.upla.cl\/admision\/wp-json\/wp\/v2\/posts\/93995\/revisions"}],"wp:featuredmedia":[{"embeddable":true,"href":"https:\/\/www.upla.cl\/admision\/wp-json\/wp\/v2\/media\/94004"}],"wp:attachment":[{"href":"https:\/\/www.upla.cl\/admision\/wp-json\/wp\/v2\/media?parent=93995"}],"wp:term":[{"taxonomy":"category","embeddable":true,"href":"https:\/\/www.upla.cl\/admision\/wp-json\/wp\/v2\/categories?post=93995"},{"taxonomy":"post_tag","embeddable":true,"href":"https:\/\/www.upla.cl\/admision\/wp-json\/wp\/v2\/tags?post=93995"}],"curies":[{"name":"wp","href":"https:\/\/api.w.org\/{rel}","templated":true}]}}