{"id":93936,"date":"2019-01-15T19:52:24","date_gmt":"2019-01-15T22:52:24","guid":{"rendered":"https:\/\/www.upla.cl\/admision\/?p=93936"},"modified":"2019-01-20T11:48:33","modified_gmt":"2019-01-20T14:48:33","slug":"upla-da-a-conocer-listas-de-repostulacion-de-carreras","status":"publish","type":"post","link":"https:\/\/www.upla.cl\/admision\/2019\/01\/15\/upla-da-a-conocer-listas-de-repostulacion-de-carreras\/","title":{"rendered":"UPLA da a conocer listas de repostulaci\u00f3n de carreras"},"content":{"rendered":"<p>[et_pb_section fb_built=\u00bb1&#8243; _builder_version=\u00bb3.19.5&#8243;][et_pb_row _builder_version=\u00bb3.19.5&#8243;][et_pb_column type=\u00bb4_4&#8243; _builder_version=\u00bb3.19.5&#8243; parallax=\u00bboff\u00bb parallax_method=\u00bbon\u00bb][et_pb_text _builder_version=\u00bb3.19.5&#8243;]<\/p>\n<p>La <strong>Direcci\u00f3n de Selecci\u00f3n y Admisi\u00f3n de Alumnos de la Universidad de Playa Ancha<\/strong> llama a <strong>Repostulaci\u00f3n<\/strong> a las carreras del siguiente listado.<\/p>\n<p>Para poder optar a esta alternativa de ingreso, los interesados se deben acercar a las oficinas ubicadas en el sector de la Biblioteca Central (Valpara\u00edso) ubicada en Avenida Guillermo Gonz\u00e1lez de Hontaneda 855, cerro Playa Ancha, Valpara\u00edso, o al Campus San Felipe, ubicado en Benigno Caldera 341.<\/p>\n<p>En Cualquiera de estos lugares escogidos, donde deber\u00e1n completar un formulario simple que les permite repostular, en el caso de que se cumpla con los requisitos m\u00ednimos.<\/p>\n<p>Existe tambi\u00e9n la posibilidad de realizar esta solicitud a trav\u00e9s del correo electr\u00f3nico <a href=\"mailto:matricula.2019@upla.cl\">matricula.2019@upla.cl<\/a><\/p>\n<p>Al ser aceptados, deber\u00e1n formalizar su matr\u00edcula <strong>a partir del d\u00eda lunes 21 de enero<\/strong>, en las dependencias de la Universidad de Playa Ancha desde las 9.00 y hasta las 17.00 horas (horario continuado) y hasta el 24 del mismo mes.<\/p>\n<p>[\/et_pb_text][\/et_pb_column][\/et_pb_row][et_pb_row custom_padding=\u00bb30px|0px|0px|0px|false|false\u00bb _builder_version=\u00bb3.19.5&#8243;][et_pb_column type=\u00bb1_2&#8243; _builder_version=\u00bb3.19.5&#8243; parallax=\u00bboff\u00bb parallax_method=\u00bbon\u00bb][et_pb_text _builder_version=\u00bb3.19.5&#8243; text_font=\u00bb||||||||\u00bb text_text_color=\u00bb#0c71c3&#8243;]<\/p>\n<h3>Carreras con repostulaci\u00f3n en Valpara\u00edso<\/h3>\n<ul>\n<li><a href=\"https:\/\/www.upla.cl\/admision\/carreras-profesionales\/facultad-de-ciencias-de-laeducacion\/educacion-parvularia\/\" target=\"_blank\" rel=\"noopener\">Educaci\u00f3n Parvularia<\/a>.<\/li>\n<li><a href=\"https:\/\/www.upla.cl\/admision\/carreras-profesionales\/facultad-de-ciencias-de-laeducacion\/pedagogia-en-educacion-basica\/\" target=\"_blank\" rel=\"noopener\">Pedagog\u00eda en Educaci\u00f3n B\u00e1sica<\/a>.<\/li>\n<li><a href=\"https:\/\/www.upla.cl\/admision\/carreras-profesionales\/facultad-de-arte\/pedagogia-en-artes-plasticas\/\" target=\"_blank\" rel=\"noopener\">Pedagog\u00eda en Artes Pl\u00e1sticas<\/a>.<\/li>\n<li><a href=\"https:\/\/www.upla.cl\/admision\/carreras-vespertinas\/pedagogia-en-educacion-basica\/\" target=\"_blank\" rel=\"noopener\">Pedagog\u00eda en Educaci\u00f3n B\u00e1sica Vespertina<\/a>.<\/li>\n<li><a href=\"https:\/\/www.upla.cl\/admision\/carreras-profesionales\/facultad-de-arte\/dibujante-proyectista\/\" target=\"_blank\" rel=\"noopener\">Dibujante Proyectista<\/a>.<\/li>\n<li><a href=\"https:\/\/www.upla.cl\/admision\/carreras-profesionales\/facultad-de-ciencias-de-la-actividad-fisica-y-del-deporte\/pedagogia-en-educacion-fisica-2\/\" target=\"_blank\" rel=\"noopener\">Pedagog\u00eda en Educaci\u00f3n F\u00edsica Damas.<\/a><\/li>\n<li><a href=\"https:\/\/www.upla.cl\/admision\/carreras-profesionales\/facultad-de-ciencias-naturales-y-exactas\/geografia\/\" target=\"_blank\" rel=\"noopener\">Geograf\u00eda<\/a>.<\/li>\n<li><a href=\"https:\/\/www.upla.cl\/admision\/carreras-profesionales\/facultad-de-humanidades\/pedagogia-en-filosofia\/\" target=\"_blank\" rel=\"noopener\">Pedagog\u00eda en Filosof\u00eda<\/a>.<\/li>\n<li><a href=\"https:\/\/www.upla.cl\/admision\/carreras-profesionales\/facultad-de-ciencias-naturales-y-exactas\/pedagogia-en-biologia-y-ciencias\/\" target=\"_blank\" rel=\"noopener\">Pedagog\u00eda en Biolog\u00eda y Ciencias<\/a>.<\/li>\n<li><a href=\"https:\/\/www.upla.cl\/admision\/carreras-profesionales\/facultad-de-ingenieria\/ingenieria-civil-industrial\/\" target=\"_blank\" rel=\"noopener\">Ingenier\u00eda Civil Industrial<\/a>.<\/li>\n<li><a href=\"https:\/\/www.upla.cl\/admision\/carreras-profesionales\/facultad-de-ciencias-naturales-y-exactas\/pedagogia-en-fisica\/\" target=\"_blank\" rel=\"noopener\">Pedagog\u00eda en F\u00edsica<\/a>.<\/li>\n<li><a href=\"https:\/\/www.upla.cl\/admision\/carreras-profesionales\/facultad-de-ingenieria\/ingenieria-en-informatica\/\" target=\"_blank\" rel=\"noopener\">Ingenier\u00eda en Inform\u00e1tica.<\/a><\/li>\n<li><a href=\"https:\/\/www.upla.cl\/admision\/carreras-profesionales\/facultad-de-ciencias-naturales-y-exactas\/pedagogia-en-quimica-y-ciencias\/\" target=\"_blank\" rel=\"noopener\">Pedagog\u00eda en Qu\u00edmica y Ciencias<\/a>.<\/li>\n<li><a href=\"https:\/\/www.upla.cl\/admision\/carreras-profesionales\/facultad-de-ciencias-naturales-y-exactas\/pedagogia-en-matematica-valparaiso\/\" target=\"_blank\" rel=\"noopener\">Pedagog\u00eda en Matem\u00e1tica<\/a>.<\/li>\n<li><a title=\"Teatro\" href=\"https:\/\/www.upla.cl\/admision\/carreras-profesionales\/facultad-de-arte\/teatro\/\" target=\"_blank\" rel=\"noopener noreferrer\">Teatro<\/a>*.<\/li>\n<li><a href=\"https:\/\/www.upla.cl\/admision\/carreras-profesionales\/facultad-de-humanidades\/pedagogia-en-historia-y-geografia\/\">Pedagog\u00eda en Historia y Geograf\u00eda.<\/a><\/li>\n<li><a href=\"https:\/\/www.upla.cl\/admision\/carreras-profesionales\/facultad-de-ciencias-de-la-actividad-fisica-y-del-deporte\/tecnologia-en-deportes-y-recreacion\/\">Tecnolog\u00eda en Deportes y Recreaci\u00f3n.<\/a><\/li>\n<\/ul>\n<p>[\/et_pb_text][\/et_pb_column][et_pb_column type=\u00bb1_2&#8243; _builder_version=\u00bb3.19.5&#8243; parallax=\u00bboff\u00bb parallax_method=\u00bbon\u00bb][et_pb_text _builder_version=\u00bb3.19.5&#8243;]<\/p>\n<h3>Carreras con repostulaci\u00f3n en San Felipe<\/h3>\n<ul>\n<li><span style=\"color: #666666; font-size: 14px;\"><a href=\"https:\/\/www.upla.cl\/admision\/carreras-profesionales\/facultad-de-ciencias-de-laeducacion\/educacion-parvularia-san-felipe\/\" target=\"_blank\" rel=\"noopener\">Educaci\u00f3n Parvularia<\/a>.<\/span><\/li>\n<li><a href=\"https:\/\/www.upla.cl\/admision\/carreras-profesionales\/facultad-de-ciencias-de-laeducacion\/pedagogia-en-educacion-diferencial-san-felipe\/\" target=\"_blank\" rel=\"noopener\">Pedagog\u00eda en Educaci\u00f3n Diferencial<\/a>.<\/li>\n<li><a href=\"https:\/\/www.upla.cl\/admision\/carreras-profesionales\/facultad-de-humanidades\/pedagogia-en-castellano-san-felipe\/\" target=\"_blank\" rel=\"noopener\">Pedagog\u00eda en Castellano<\/a>.<\/li>\n<li><a href=\"https:\/\/www.upla.cl\/admision\/carreras-profesionales\/facultad-de-humanidades\/pedagogia-en-ingles-san-felipe\/\" target=\"_blank\" rel=\"noopener\">Pedagog\u00eda en Ingl\u00e9s<\/a>.<\/li>\n<li><a href=\"https:\/\/www.upla.cl\/admision\/carreras-profesionales\/facultad-de-humanidades\/pedagogia-en-historia-y-geografia-san-felipe\/\" target=\"_blank\" rel=\"noopener\">Pedagog\u00eda en Historia y Geograf\u00eda<\/a>.<\/li>\n<li><a href=\"https:\/\/www.upla.cl\/admision\/carreras-profesionales\/facultad-de-ingenieria\/ingenieria-en-informatica-san-felipe\/\" target=\"_blank\" rel=\"noopener\">Ingenier\u00eda en Inform\u00e1tica<\/a>.<\/li>\n<\/ul>\n<p>[\/et_pb_text][et_pb_text _builder_version=\u00bb3.19.5&#8243;]* Los interesados en la repostulaci\u00f3n a la carrera de Teatro deben rendir la prueba especial de teatro este lunes 21 de enero a las 9.00 horas, en la Sala de Arte Esc\u00e9nico, con ropa c\u00f3moda[\/et_pb_text][\/et_pb_column][\/et_pb_row][et_pb_row _builder_version=\u00bb3.19.5&#8243;][et_pb_column type=\u00bb4_4&#8243; _builder_version=\u00bb3.19.5&#8243; parallax=\u00bboff\u00bb parallax_method=\u00bbon\u00bb][et_pb_text _builder_version=\u00bb3.19.5&#8243; background_color=\u00bb#bce3fa\u00bb custom_padding=\u00bb30px|30px|30px|30px|true|true\u00bb]<\/p>\n<h4>Importante<\/h4>\n<p>Para las carreras pedag\u00f3gicas es necesario cumplir con el requisito de 500 puntos promedio PSU y ponderado, al igual que para las ingenier\u00edas.<\/p>\n<p>[\/et_pb_text][\/et_pb_column][\/et_pb_row][\/et_pb_section]<\/p>\n","protected":false},"excerpt":{"rendered":"<p>Para poder optar a esta alternativa de ingreso, los interesados se deben acercar a las oficinas ubicadas en la Biblioteca Central (Valpara\u00edso) o al Campus San Felipe<\/p>\n","protected":false},"author":7,"featured_media":93953,"comment_status":"closed","ping_status":"closed","sticky":false,"template":"","format":"standard","meta":{"_et_pb_use_builder":"on","_et_pb_old_content":"","_et_gb_content_width":"","footnotes":""},"categories":[6],"tags":[],"class_list":["post-93936","post","type-post","status-publish","format-standard","has-post-thumbnail","hentry","category-novedades"],"_links":{"self":[{"href":"https:\/\/www.upla.cl\/admision\/wp-json\/wp\/v2\/posts\/93936","targetHints":{"allow":["GET"]}}],"collection":[{"href":"https:\/\/www.upla.cl\/admision\/wp-json\/wp\/v2\/posts"}],"about":[{"href":"https:\/\/www.upla.cl\/admision\/wp-json\/wp\/v2\/types\/post"}],"author":[{"embeddable":true,"href":"https:\/\/www.upla.cl\/admision\/wp-json\/wp\/v2\/users\/7"}],"replies":[{"embeddable":true,"href":"https:\/\/www.upla.cl\/admision\/wp-json\/wp\/v2\/comments?post=93936"}],"version-history":[{"count":0,"href":"https:\/\/www.upla.cl\/admision\/wp-json\/wp\/v2\/posts\/93936\/revisions"}],"wp:featuredmedia":[{"embeddable":true,"href":"https:\/\/www.upla.cl\/admision\/wp-json\/wp\/v2\/media\/93953"}],"wp:attachment":[{"href":"https:\/\/www.upla.cl\/admision\/wp-json\/wp\/v2\/media?parent=93936"}],"wp:term":[{"taxonomy":"category","embeddable":true,"href":"https:\/\/www.upla.cl\/admision\/wp-json\/wp\/v2\/categories?post=93936"},{"taxonomy":"post_tag","embeddable":true,"href":"https:\/\/www.upla.cl\/admision\/wp-json\/wp\/v2\/tags?post=93936"}],"curies":[{"name":"wp","href":"https:\/\/api.w.org\/{rel}","templated":true}]}}