{"id":8135,"date":"2018-10-05T12:02:41","date_gmt":"2018-10-05T15:02:41","guid":{"rendered":"http:\/\/www.upla.cl\/admision\/?p=8135"},"modified":"2018-10-05T12:02:41","modified_gmt":"2018-10-05T15:02:41","slug":"estudiante-upla-te-invitamos-a-formar-parte-del-equipo-de-apoyo-para-el-dia-de-puertas-abiertas","status":"publish","type":"post","link":"https:\/\/www.upla.cl\/admision\/2018\/10\/05\/estudiante-upla-te-invitamos-a-formar-parte-del-equipo-de-apoyo-para-el-dia-de-puertas-abiertas\/","title":{"rendered":"Estudiante UPLA: Te invitamos a formar parte del equipo de apoyo para el D\u00eda de Puertas Abiertas"},"content":{"rendered":"<p>[et_pb_section bb_built=\u00bb1&#8243;][et_pb_row][et_pb_column type=\u00bb4_4&#8243;][et_pb_text _builder_version=\u00bb3.16&#8243;]<\/p>\n<div><\/div>\n<div>La Direcci\u00f3n de Selecci\u00f3n y Admisi\u00f3n de Alumnos de la Universidad de Playa Ancha los invita a ser part\u00edcipes de nuestro <b><a href=\"http:\/\/www.upla.cl\/noticias\/2018\/09\/25\/upla-realizara-jornada-de-puertas-abiertas-el-11-de-octubre\/\" target=\"_blank\" rel=\"noopener\" data-saferedirecturl=\"https:\/\/www.google.com\/url?q=http:\/\/www.upla.cl\/noticias\/2018\/09\/25\/upla-realizara-jornada-de-puertas-abiertas-el-11-de-octubre\/&amp;source=gmail&amp;ust=1538836012747000&amp;usg=AFQjCNGVAFqCeKk_qzMr2GfUEXedm3_42g\">D\u00eda de Puertas Abiertas 2018<\/a><\/b> el jueves 11 de octubre.<\/div>\n<div><\/div>\n<div>Esta jornada es una instancia propicia para que los j\u00f3venes de ense\u00f1anza media, universitarios de otras casas de estudios y egresados que desean seguir estudios superiores, conozcan en detalle la oferta acad\u00e9mica de esta universidad ligada a las Artes, las Ciencias, Educaci\u00f3n, Humanidades y Tecnolog\u00edas, as\u00ed como los diferentes programas y beneficios.<\/div>\n<div><\/div>\n<div>Para ello, necesitamos estudiantes que <strong>puedan recibir, guiar y orientar a las delegaciones<\/strong> a trav\u00e9s de un circuito que se iniciar\u00e1 a un costado de Casa Central, y que estar\u00e1 debidamente se\u00f1alizado, a fin de que los distintos<strong> grupos de los colegios puedan conocer todas las dependencias ubicadas en Avenida Playa Ancha 850.<\/strong><\/div>\n<div><\/div>\n<div>Los interesados en conformar este equipo de apoyo deben mandar un correo a <a href=\"mailto:admision@upla.cl\" target=\"_blank\" rel=\"noopener\">admision@upla.cl<\/a> con los siguientes datos:<\/div>\n<div>\n<ul>\n<li>Nombre completo.<\/li>\n<li>Carrera.<\/li>\n<li>Promoci\u00f3n en la que est\u00e1s matriculado.<\/li>\n<li>RUN.<\/li>\n<\/ul>\n<\/div>\n<div>Tienen plazo para la inscripci\u00f3n hasta el lunes al mediod\u00eda. Quienes asistan recibir\u00e1n en compensaci\u00f3n <b>\u201choras sello para su formaci\u00f3n curricular\u201d<\/b>, teniendo en cuenta que la jornada para quienes participen ser\u00e1 de 8:30 a 14.30 horas el jueves y deber\u00e1n asistir obligatoriamente a una reuni\u00f3n previa de coordinaci\u00f3n el martes 9 de octubre, a las 12.00 horas, en el Aula Dr. F\u00e9lix Morales Pettorino.<\/div>\n<p>[\/et_pb_text][\/et_pb_column][\/et_pb_row][\/et_pb_section]<\/p>\n","protected":false},"excerpt":{"rendered":"<p>La Direcci\u00f3n de Selecci\u00f3n y Admisi\u00f3n de Alumnos de la Universidad de Playa Ancha los invita a ser part\u00edcipes de nuestro D\u00eda de Puertas Abiertas 2018 el jueves 11 de octubre.<\/p>\n","protected":false},"author":7,"featured_media":6815,"comment_status":"closed","ping_status":"closed","sticky":false,"template":"","format":"standard","meta":{"_et_pb_use_builder":"on","_et_pb_old_content":"","_et_gb_content_width":"","footnotes":""},"categories":[6],"tags":[],"class_list":["post-8135","post","type-post","status-publish","format-standard","has-post-thumbnail","hentry","category-novedades"],"_links":{"self":[{"href":"https:\/\/www.upla.cl\/admision\/wp-json\/wp\/v2\/posts\/8135","targetHints":{"allow":["GET"]}}],"collection":[{"href":"https:\/\/www.upla.cl\/admision\/wp-json\/wp\/v2\/posts"}],"about":[{"href":"https:\/\/www.upla.cl\/admision\/wp-json\/wp\/v2\/types\/post"}],"author":[{"embeddable":true,"href":"https:\/\/www.upla.cl\/admision\/wp-json\/wp\/v2\/users\/7"}],"replies":[{"embeddable":true,"href":"https:\/\/www.upla.cl\/admision\/wp-json\/wp\/v2\/comments?post=8135"}],"version-history":[{"count":0,"href":"https:\/\/www.upla.cl\/admision\/wp-json\/wp\/v2\/posts\/8135\/revisions"}],"wp:featuredmedia":[{"embeddable":true,"href":"https:\/\/www.upla.cl\/admision\/wp-json\/wp\/v2\/media\/6815"}],"wp:attachment":[{"href":"https:\/\/www.upla.cl\/admision\/wp-json\/wp\/v2\/media?parent=8135"}],"wp:term":[{"taxonomy":"category","embeddable":true,"href":"https:\/\/www.upla.cl\/admision\/wp-json\/wp\/v2\/categories?post=8135"},{"taxonomy":"post_tag","embeddable":true,"href":"https:\/\/www.upla.cl\/admision\/wp-json\/wp\/v2\/tags?post=8135"}],"curies":[{"name":"wp","href":"https:\/\/api.w.org\/{rel}","templated":true}]}}