{"id":7872,"date":"2018-01-26T12:29:05","date_gmt":"2018-01-26T15:29:05","guid":{"rendered":"http:\/\/www.upla.cl\/admision\/?p=7872"},"modified":"2018-02-22T12:30:33","modified_gmt":"2018-02-22T15:30:33","slug":"promocion-2018-los-esperamos-en-marzo","status":"publish","type":"post","link":"https:\/\/www.upla.cl\/admision\/2018\/01\/26\/promocion-2018-los-esperamos-en-marzo\/","title":{"rendered":"Promoci\u00f3n 2018 los esperamos en marzo"},"content":{"rendered":"<p>[et_pb_section fb_built=\u00bb1&#8243; _builder_version=\u00bb3.0.47&#8243; custom_padding=\u00bb25px|0px|0px|0px\u00bb][et_pb_row _builder_version=\u00bb3.0.47&#8243; background_size=\u00bbinitial\u00bb background_position=\u00bbtop_left\u00bb background_repeat=\u00bbrepeat\u00bb][et_pb_column type=\u00bb2_3&#8243; _builder_version=\u00bb3.0.47&#8243; parallax=\u00bboff\u00bb parallax_method=\u00bbon\u00bb][et_pb_text _builder_version=\u00bb3.0.105&#8243;]El<strong> 7 de marzo<\/strong> comienzan las actividades de los estudiantes de primer a\u00f1o de las carreras de pregrado (diurnas y vespertinas) y t\u00e9cnicas de la Universidad de Playa Ancha en sus sedes de Valpara\u00edso y San Felipe.<\/p>\n<p>Para ello, la Vicerrector\u00eda Acad\u00e9mica junto a la Direcci\u00f3n General de Pregrado han organizado el programa de bienvenida de la promoci\u00f3n 2018 que consta de los siguientes hitos: Recepci\u00f3n, Actividad Cultural, Encuesta calidad de vida y Diagn\u00f3stico estrat\u00e9gico e inducci\u00f3n al aprendizaje.<\/p>\n<h3><strong>Mi\u00e9rcoles 7: Bienvenidas<\/strong><\/h3>\n<p>Las recepciones comenzar\u00e1n a las 9:00 horas, con excepci\u00f3n de las carreras de la Facultad de Arte (9:30 horas) y del campus San Felipe (10:00 horas).<\/p>\n<p>Bajo la consigna \u201cSer estudiante universitario, pertenecer a la UPLA\u201d los coordinadores docentes y acad\u00e9micos saludar\u00e1n a los j\u00f3venes y abordar\u00e1n aspectos como el perfil de egreso, la malla curricular, los ejes formativos, aspectos reglamentarios, unidades de apoyo estudiantil y servicios que presta la biblioteca. Adem\u00e1s de temas espec\u00edficos para las carreras pedag\u00f3gicas y profesionales.<\/p>\n<p>[\/et_pb_text][\/et_pb_column][et_pb_column type=\u00bb1_3&#8243; _builder_version=\u00bb3.0.47&#8243; parallax=\u00bboff\u00bb parallax_method=\u00bbon\u00bb][et_pb_image src=\u00bbhttp:\/\/www.upla.cl\/noticias\/wp-content\/uploads\/2017\/03\/BienvenidaArte5-300&#215;199.jpg\u00bb _builder_version=\u00bb3.0.105&#8243;][\/et_pb_image][\/et_pb_column][\/et_pb_row][\/et_pb_section][et_pb_section fb_built=\u00bb1&#8243; _builder_version=\u00bb3.0.47&#8243;][et_pb_row _builder_version=\u00bb3.0.47&#8243; background_size=\u00bbinitial\u00bb background_position=\u00bbtop_left\u00bb background_repeat=\u00bbrepeat\u00bb][et_pb_column type=\u00bb4_4&#8243; _builder_version=\u00bb3.0.47&#8243; parallax=\u00bboff\u00bb parallax_method=\u00bbon\u00bb][et_pb_text admin_label=\u00bbTexto Detalle de recibimientos por carreras y salas\u00bb _builder_version=\u00bb3.0.105&#8243;]<\/p>\n<h2>Detalle de recibimientos por carreras y salas<\/h2>\n<p>[\/et_pb_text][et_pb_toggle title=\u00bbFacultad de Ciencias Sociales, Av. Playa Ancha 850, Valpara\u00edso\u00bb admin_label=\u00bbConmutador Facultad de Ciencias Sociales\u00bb _builder_version=\u00bb3.0.105&#8243;]Recepci\u00f3n: 9:00 a 10:00 horas en Aula F\u00e9lix Morales Pettorino, Casa Central.<\/p>\n<p>Luego de la recepci\u00f3n los estudiantes deben dirigirse a:<\/p>\n<ul>\n<li><strong>Periodismo<\/strong>: Sala UPLA TV, z\u00f3calo del edificio Institucional.<\/li>\n<li><strong>Bibliotecolog\u00eda<\/strong>: Sala B-217, segundo piso de Casa Central.<\/li>\n<li><strong>Psicolog\u00eda<\/strong>: Aula F\u00e9lix Morales Pettorino, Casa Central.<\/li>\n<li><strong>Sociolog\u00eda<\/strong>: Sala C-204, Casa Central.<\/li>\n<\/ul>\n<p>[\/et_pb_toggle][et_pb_toggle title=\u00bbFacultad de Ciencias de la Educaci\u00f3n, Av. Playa Ancha 850, Valpara\u00edso\u00bb admin_label=\u00bbConmutador Facultad de Ciencias de la Educaci\u00f3n\u00bb _builder_version=\u00bb3.0.105&#8243;]Recepci\u00f3n: 9:00 a 10:00 horas.<\/p>\n<ul>\n<li><strong>Pedagog\u00eda en Educaci\u00f3n B\u00e1sica:<\/strong> Sala 203, segundo piso de Casa Central.<\/li>\n<li><strong>Pedagog\u00eda en Educaci\u00f3n Diferencial:<\/strong> Sal\u00f3n de Conferencias, tercer piso de Casa Central.<\/li>\n<li><strong>Educaci\u00f3n Parvularia:<\/strong> Sala 413, cuarto piso de Casa Central.<\/li>\n<\/ul>\n<p>[\/et_pb_toggle][et_pb_toggle title=\u00bbFacultad de Humanidades, Av. Playa Ancha 850, Valpara\u00edso\u00bb admin_label=\u00bbConmutador Facultad de Humanidades\u00bb _builder_version=\u00bb3.0.105&#8243;]Recepci\u00f3n: 9:00 a 10:00 horas.<\/p>\n<ul>\n<li><strong>Pedagog\u00eda en Filosof\u00eda:<\/strong> Sala B-417, cuarto piso de Casa Central.<\/li>\n<li><strong>Pedagog\u00eda en Ingl\u00e9s:<\/strong> Sala C-501, quinto piso de Casa Central.<\/li>\n<li><strong>Pedagog\u00eda en Historia y Geograf\u00eda:<\/strong> Sala Altazor, cuarto piso de Casa Central.<\/li>\n<li><strong>Traducci\u00f3n e Interpretaci\u00f3n Ingl\u00e9s-Espa\u00f1ol:<\/strong> Sala C-306, tercer piso de Casa Central.<\/li>\n<li><strong>Administraci\u00f3n Tur\u00edstica Multiling\u00fce:<\/strong> Sala B-414, cuarto piso de Casa Central.<\/li>\n<li><strong>Pedagog\u00eda en Castellano:<\/strong> C-501, quinto piso de Casa Central.<\/li>\n<\/ul>\n<p>[\/et_pb_toggle][et_pb_toggle title=\u00bbFacultad de Ciencias Naturales y Exactas, Av. Leopoldo Carvallo 270, Valpara\u00edso\u00bb admin_label=\u00bbConmutador Facultad de Cs. Naturales y Exactas\u00bb _builder_version=\u00bb3.0.105&#8243;]Recepci\u00f3n: 9:00 a 10:00 horas en Auditorio.<\/p>\n<p>Luego de la recepci\u00f3n los estudiantes deben dirigirse a:<\/p>\n<ul>\n<li><strong>Pedagog\u00eda en Matem\u00e1tica:<\/strong> Sala B-509, quinto piso.<\/li>\n<li><strong>Pedagog\u00eda en Biolog\u00eda y Ciencias:<\/strong> Sala B-510, quinto piso.<\/li>\n<li><strong>Geograf\u00eda:<\/strong> Sala B-511, quinto piso.<\/li>\n<li><strong>Pedagog\u00eda en Qu\u00edmica y Ciencias:<\/strong> Sala B-512, quinto piso.<\/li>\n<li><strong>Pedagog\u00eda en F\u00edsica:<\/strong> Sala B-513, quinto piso.<\/li>\n<\/ul>\n<p>[\/et_pb_toggle][et_pb_toggle title=\u00bbFacultad de Ciencias de la Salud, Av. Independencia 2002, Valpara\u00edso\u00bb admin_label=\u00bbConmutador Facultad de Ciencias de la Salud\u00bb _builder_version=\u00bb3.0.105&#8243;]Recepci\u00f3n: 9:00 a 10:00 horas en Auditorio.<\/p>\n<p>Luego de la recepci\u00f3n los estudiantes deben dirigirse a:<\/p>\n<ul>\n<li><strong>Terapia Ocupacional:<\/strong> Sala 24.<\/li>\n<li><strong>Nutrici\u00f3n y Diet\u00e9tica:<\/strong> Sala 19.<\/li>\n<li><strong>Enfermer\u00eda:<\/strong> Sala 20.<\/li>\n<li><strong>Fonoaudiolog\u00eda:<\/strong> Sala 23.<\/li>\n<li><b>Kinesiolog\u00eda:<\/b> Sala 28.<\/li>\n<\/ul>\n<p>[\/et_pb_toggle][et_pb_toggle title=\u00bbFacultad de Ciencias de la Actividad F\u00edsica y del Deporte (Edificio Punt\u00e1ngeles), Av. Playa Ancha 850, Valpara\u00edso\u00bb admin_label=\u00bbConmutador Facultad de Ciencias de la Actividad F\u00edsica y del Deporte\u00bb _builder_version=\u00bb3.0.105&#8243;]Recepci\u00f3n: 9:00 horas.<\/p>\n<ul>\n<li><strong>Pedagog\u00eda en Educaci\u00f3n F\u00edsica (damas y varones):<\/strong> Sala Multiefi.<\/li>\n<li><strong>Tecnolog\u00eda en Deportes y Recreaci\u00f3n:<\/strong> Aula Media, quinto piso del edificio Punt\u00e1ngeles.<\/li>\n<\/ul>\n<p>[\/et_pb_toggle][et_pb_toggle title=\u00bbFacultad de Arte, Av. Guillermo Gonz\u00e1lez de Hontaneda 855, Valpara\u00edso\u00bb admin_label=\u00bbConmutador Facultad de Arte\u00bb _builder_version=\u00bb3.0.105&#8243;]Recepci\u00f3n: 9:30 horas en Sala B-301.<\/p>\n<p>Luego de la recepci\u00f3n los estudiantes deben dirigirse a:<\/p>\n<ul>\n<li><b>Pedagog\u00eda en Educaci\u00f3n Musical:<\/b> Sala B-107, primer piso.<\/li>\n<li><b>Dise\u00f1o Gr\u00e1fico:<\/b> Sala C-412, cuarto piso.<\/li>\n<li><b>Dibujante Proyectista:<\/b> Sala C-307, tercer piso.<\/li>\n<li><b>Licenciatura en Arte:<\/b> Sala B-207, segundo piso.<\/li>\n<li><b>Pedagog\u00eda en Artes Pl\u00e1sticas:<\/b> Sala C-105, primer piso.<\/li>\n<li><b>Teatro:<\/b> Sala B-301, tercer piso.<\/li>\n<\/ul>\n<p>[\/et_pb_toggle][et_pb_toggle title=\u00bbCarreras vespertinas, Av. Playa Ancha 850, Valpara\u00edso\u00bb admin_label=\u00bbConmutador Vespertinas\u00bb _builder_version=\u00bb3.0.105&#8243;]Recepci\u00f3n: 19:00 horas en Sala Carlos Pantoja, segundo piso de Casa Central.<\/p>\n<ul>\n<li><b>Pedagog\u00eda en Educaci\u00f3n B\u00e1sica:<\/b> C-203, segundo piso de Casa Central.<\/li>\n<\/ul>\n<p>[\/et_pb_toggle][et_pb_toggle title=\u00bbCampus San Felipe, Benigno Caldera 351, San Felipe.\u00bb admin_label=\u00bbConmutador Campus San Felipe\u00bb _builder_version=\u00bb3.0.105&#8243;]Recepci\u00f3n: 10:00 a 11:00 horas en Sal\u00f3n de Actos.<\/p>\n<p>Luego de la recepci\u00f3n los estudiantes deben dirigirse a:<\/p>\n<ul>\n<li><b>Educaci\u00f3n Parvularia:<\/b> Sala D-207.<\/li>\n<li><b>Pedagog\u00eda en Ingl\u00e9s:<\/b> Sala B-202.<\/li>\n<li><b>Pedagog\u00eda en Castellano:<\/b> Sala E-202.<\/li>\n<li><b>Pedagog\u00eda en Historia y Geograf\u00eda:<\/b> D-201.<\/li>\n<li><b>Ingenier\u00eda en Inform\u00e1tica:<\/b> Sala C-201.<\/li>\n<li><b>Pedagog\u00eda en Educaci\u00f3n Diferencial:<\/b> Sala C-202.<\/li>\n<\/ul>\n<p>[\/et_pb_toggle][\/et_pb_column][\/et_pb_row][\/et_pb_section][et_pb_section fb_built=\u00bb1&#8243; _builder_version=\u00bb3.0.47&#8243; custom_padding=\u00bb25px|0px|0px|0px\u00bb][et_pb_row _builder_version=\u00bb3.0.47&#8243; background_size=\u00bbinitial\u00bb background_position=\u00bbtop_left\u00bb background_repeat=\u00bbrepeat\u00bb][et_pb_column type=\u00bb4_4&#8243; _builder_version=\u00bb3.0.47&#8243; parallax=\u00bboff\u00bb parallax_method=\u00bbon\u00bb][et_pb_text admin_label=\u00bbTexto Detalle de recibimientos por carreras y salas\u00bb _builder_version=\u00bb3.0.105&#8243;]<\/p>\n<h2>M\u00e1s actividades<\/h2>\n<p>[\/et_pb_text][\/et_pb_column][\/et_pb_row][et_pb_row _builder_version=\u00bb3.0.47&#8243; background_size=\u00bbinitial\u00bb background_position=\u00bbtop_left\u00bb background_repeat=\u00bbrepeat\u00bb custom_padding=\u00bb15px|0px|0px|0px\u00bb][et_pb_column type=\u00bb1_3&#8243; _builder_version=\u00bb3.0.47&#8243; parallax=\u00bboff\u00bb parallax_method=\u00bbon\u00bb][et_pb_blurb title=\u00bbActividad Cultural\u00bb url=\u00bbhttp:\/\/dgde.upla.cl\u00bb url_new_window=\u00bbon\u00bb image=\u00bbhttp:\/\/www.upla.cl\/noticias\/wp-content\/uploads\/2017\/03\/Bienvenida-2017_act.-cultural-07_1.jpg\u00bb admin_label=\u00bbAnuncio Actividad Cultural\u00bb _builder_version=\u00bb3.0.105&#8243;]Al mediod\u00eda los j\u00f3venes de todas las carreras se podr\u00e1n reunir en el Patio de los Vientos de la Facultad de Arte para disfrutar de buena m\u00fasica a cargo de la Sonora del Sol y la Big Band de la Universidad de Playa Ancha. Tambi\u00e9n habr\u00e1 concursos, karaoke y toma de fotograf\u00edas con el objetivo de celebrar, en conjunto, el inicio de su vida universitaria.<\/p>\n<p>A un costado de la Biblioteca Central se realizar\u00e1 adem\u00e1s una Feria Preventiva donde se presentar\u00e1 el trabajo de distintas unidades vinculadas con la alimentaci\u00f3n saludable, la actividad f\u00edsica, inclusi\u00f3n y prevenci\u00f3n de enfermedades de transmisi\u00f3n sexual y V.I.H.<\/p>\n<p>Todas estas actividades son organizadas por la Direcci\u00f3n General de Desarrollo Estudiantil.<br \/>\n[\/et_pb_blurb][\/et_pb_column][et_pb_column type=\u00bb1_3&#8243; _builder_version=\u00bb3.0.47&#8243; parallax=\u00bboff\u00bb parallax_method=\u00bbon\u00bb][et_pb_blurb title=\u00bbEncuesta calidad de vida\u00bb url_new_window=\u00bbon\u00bb image=\u00bbhttp:\/\/www.upla.cl\/noticias\/wp-content\/uploads\/2016\/03\/Encuesta-1.jpg\u00bb admin_label=\u00bbAnuncio Encuesta Calidad de Vida\u00bb _builder_version=\u00bb3.0.105&#8243;]La tarde del mi\u00e9rcoles (a contar de las 14:00 horas) se comenzar\u00e1 a aplicar este instrumento, cuya finalidad es conocer algunos aspectos de la calidad de vida y conductas de riesgo de los j\u00f3venes relacionados con: accidentes, adicciones, violencia, sexualidad, alimentaci\u00f3n y actividad f\u00edsica. De tal manera, de elaborar un perfil de quienes ingresan a la instituci\u00f3n y, a su vez, focalizar de mejor forma las intervenciones correspondientes.<\/p>\n<p>Este cuestionario, que se contesta en l\u00ednea, es desarrollado por sexto a\u00f1o consecutivo por el Observatorio de Investigaci\u00f3n de Estudiantes Universitarios (EU-UPLA) perteneciente al Centro de Estudios Avanzados (CEA) de la Universidad de Playa Ancha.<\/p>\n<p>Revise seg\u00fan su carrera, en qu\u00e9 horario y d\u00f3nde debe contestar la Encuesta de calidad de vida.<\/p>\n<ul>\n<li><a href=\"http:\/\/www.upla.cl\/noticias\/wp-content\/uploads\/2018\/01\/cuestionario_pregrado_valparaiso.pdf\">Campus Valpara\u00edso<\/a>.<\/li>\n<li><a href=\"http:\/\/www.upla.cl\/noticias\/wp-content\/uploads\/2018\/01\/encuesta_pregrado_sanfelipe.pdf\">Campus San Felipe<\/a>.<\/li>\n<\/ul>\n<p>[\/et_pb_blurb][\/et_pb_column][et_pb_column type=\u00bb1_3&#8243; _builder_version=\u00bb3.0.47&#8243; parallax=\u00bboff\u00bb parallax_method=\u00bbon\u00bb][et_pb_blurb title=\u00bbJueves 8: Programa de apoyo al estudiante\u00bb url_new_window=\u00bbon\u00bb image=\u00bbhttp:\/\/www.upla.cl\/noticias\/wp-content\/uploads\/2014\/03\/univelaci\u00f3n_san-felipe.jpg\u00bb admin_label=\u00bbAnuncio Jueves\u00bb _builder_version=\u00bb3.0.105&#8243;]Con el diagn\u00f3stico estrat\u00e9gico en el \u00e1rea de lenguaje y matem\u00e1tica, y el desarrollo de un taller de inducci\u00f3n al aprendizaje, la Universidad de Playa Ancha iniciar\u00e1 el jueves 8 de marzo el programa orientado a apoyar a los nuevos estudiantes, a fin de que alcancen resultados acad\u00e9micos exitosos.<\/p>\n<p>As\u00ed lo dio a conocer la coordinadora general de la Unidad de Acceso Inclusivo y Permanencia Universitaria (UAIP), Dra. Bianca Dapelo Pellerano, dependiente de la Vicerrector\u00eda Acad\u00e9mica, quien envi\u00f3 un saludo afectuoso a todos los j\u00f3venes que este 2018 se incorporan a la actividad universitaria. Junto con ello, subray\u00f3 que \u00e9ste es un programa orientado especialmente a ellos, con el cual se busca que todos logren un proceso positivo de formaci\u00f3n profesional.<\/p>\n<p>\u201cEste programa de apoyo tiene un conjunto de actividades destinado a lograr el desarrollo de sus competencias b\u00e1sicas en el \u00e1rea de lenguaje y matem\u00e1tica, as\u00ed como tambi\u00e9n en el \u00e1rea cognitiva y socio-afectiva\u201d, sostuvo la coordinadora, quien agreg\u00f3 que tambi\u00e9n existe una oferta ampliada de talleres, destinada a apoyar al estudiante frente a dificultades espec\u00edficas que se originan a lo largo de su trayectoria acad\u00e9mica.<\/p>\n<p>Revise la programaci\u00f3n del:<\/p>\n<ul>\n<li><a href=\"http:\/\/www.upla.cl\/noticias\/wp-content\/uploads\/2018\/01\/diagnostico_induccion_pregrado_valparaiso.pdf\">Campus Valpara\u00edso<\/a>.<\/li>\n<li><a href=\"http:\/\/www.upla.cl\/noticias\/wp-content\/uploads\/2018\/01\/diagnostico_induccion_instituto_sanfelipe.pdf\">Campus San Felipe<\/a>.<\/li>\n<li>Instituto Tecnol\u00f3gico de <a href=\"http:\/\/www.upla.cl\/noticias\/wp-content\/uploads\/2018\/01\/diagnostico_induccion_tecnico_valparaiso.pdf\">Valpara\u00edso<\/a> y <a href=\"http:\/\/www.upla.cl\/noticias\/wp-content\/uploads\/2018\/01\/diagnostico_induccion_instituto_sanfelipe.pdf\">San Felipe<\/a>.<\/li>\n<\/ul>\n<p>[\/et_pb_blurb][\/et_pb_column][\/et_pb_row][\/et_pb_section]<\/p>\n","protected":false},"excerpt":{"rendered":"<p>El 7 de marzo comienzan las actividades de los estudiantes de primer a\u00f1o de las carreras de pregrado (diurnas y vespertinas) y t\u00e9cnicas de la Universidad de Playa Ancha en sus sedes de Valpara\u00edso y San Felipe. Para ello, la Vicerrector\u00eda Acad\u00e9mica junto a la Direcci\u00f3n General de Pregrado han organizado el programa de bienvenida [&hellip;]<\/p>\n","protected":false},"author":7,"featured_media":7875,"comment_status":"closed","ping_status":"closed","sticky":false,"template":"","format":"standard","meta":{"_et_pb_use_builder":"on","_et_pb_old_content":"","_et_gb_content_width":"","footnotes":""},"categories":[6],"tags":[],"class_list":["post-7872","post","type-post","status-publish","format-standard","has-post-thumbnail","hentry","category-novedades"],"_links":{"self":[{"href":"https:\/\/www.upla.cl\/admision\/wp-json\/wp\/v2\/posts\/7872","targetHints":{"allow":["GET"]}}],"collection":[{"href":"https:\/\/www.upla.cl\/admision\/wp-json\/wp\/v2\/posts"}],"about":[{"href":"https:\/\/www.upla.cl\/admision\/wp-json\/wp\/v2\/types\/post"}],"author":[{"embeddable":true,"href":"https:\/\/www.upla.cl\/admision\/wp-json\/wp\/v2\/users\/7"}],"replies":[{"embeddable":true,"href":"https:\/\/www.upla.cl\/admision\/wp-json\/wp\/v2\/comments?post=7872"}],"version-history":[{"count":0,"href":"https:\/\/www.upla.cl\/admision\/wp-json\/wp\/v2\/posts\/7872\/revisions"}],"wp:featuredmedia":[{"embeddable":true,"href":"https:\/\/www.upla.cl\/admision\/wp-json\/wp\/v2\/media\/7875"}],"wp:attachment":[{"href":"https:\/\/www.upla.cl\/admision\/wp-json\/wp\/v2\/media?parent=7872"}],"wp:term":[{"taxonomy":"category","embeddable":true,"href":"https:\/\/www.upla.cl\/admision\/wp-json\/wp\/v2\/categories?post=7872"},{"taxonomy":"post_tag","embeddable":true,"href":"https:\/\/www.upla.cl\/admision\/wp-json\/wp\/v2\/tags?post=7872"}],"curies":[{"name":"wp","href":"https:\/\/api.w.org\/{rel}","templated":true}]}}