{"id":6298,"date":"2016-12-20T14:08:46","date_gmt":"2016-12-20T17:08:46","guid":{"rendered":"http:\/\/www.upla.cl\/admision\/?p=6298"},"modified":"2016-12-20T14:09:16","modified_gmt":"2016-12-20T17:09:16","slug":"luis-trejo-estudiante-de-tecnico-en-mineria","status":"publish","type":"post","link":"https:\/\/www.upla.cl\/admision\/2016\/12\/20\/luis-trejo-estudiante-de-tecnico-en-mineria\/","title":{"rendered":"Luis Trejo, estudiante de T\u00e9cnico en Miner\u00eda"},"content":{"rendered":"<p><img loading=\"lazy\" decoding=\"async\" class=\"alignleft wp-image-6299\" src=\"https:\/\/www.upla.cl\/admision\/wp-content\/uploads\/2016\/12\/2016_1220_entrevista_luistrejo-e1482253678790-227x300.jpg\" alt=\"\" width=\"200\" height=\"265\" srcset=\"https:\/\/www.upla.cl\/admision\/wp-content\/uploads\/2016\/12\/2016_1220_entrevista_luistrejo-e1482253678790-227x300.jpg 227w, https:\/\/www.upla.cl\/admision\/wp-content\/uploads\/2016\/12\/2016_1220_entrevista_luistrejo-e1482253678790-768x1014.jpg 768w, https:\/\/www.upla.cl\/admision\/wp-content\/uploads\/2016\/12\/2016_1220_entrevista_luistrejo-e1482253678790-776x1024.jpg 776w, https:\/\/www.upla.cl\/admision\/wp-content\/uploads\/2016\/12\/2016_1220_entrevista_luistrejo-e1482253678790.jpg 1025w\" sizes=\"(max-width: 200px) 100vw, 200px\" \/>Voy en mi segundo a\u00f1o estudiando <strong><a href=\"https:\/\/www.upla.cl\/admision\/carreras-tecnicas\/valparaiso\/tecnico-en-mineria\/\" target=\"_blank\">T\u00e9cnico en Miner\u00eda<\/a><\/strong> en la modalidad vespertino y pese a no ser mi primera opci\u00f3n, eleg\u00ed la UPLA porque supe que es muy abierta en temas de diversidad y yo me considero un luchador de esta. Estoy absolutamente en contra de la discriminaci\u00f3n.<\/p>\n<p>La UPLA es especial, tiene algo que en conjunto con los profesores crean una armon\u00eda de estudiante &#8211; profesor que no se da en otras universidades. No conozco a ning\u00fan compa\u00f1ero que no sepa sobre los movimientos estudiantiles. Ac\u00e1 siempre se est\u00e1n defendiendo los derechos de los estudiantes y tambi\u00e9n de los trabajadores, de los pueblos ind\u00edgenas, etc. Tenemos el criterio para discutir y debatir sobre cualquier tema.<\/p>\n<p><strong>\u00bfRecomiendas la UPLA?<\/strong><\/p>\n<p>La recomiendo cien por ciento y digan lo que digan, no s\u00f3lo para los que quieran estudiar una carrera, sino que tambi\u00e9n para los que quieren aprender a compartir, a liderar\u2026<\/p>\n<p>La UPLA sigue creciendo y va a seguir as\u00ed por mucho tiempo m\u00e1s.<\/p>\n","protected":false},"excerpt":{"rendered":"<p>\u00abEleg\u00ed la UPLA porque supe que es muy abierta en temas de diversidad\u00bb<\/p>\n","protected":false},"author":7,"featured_media":6299,"comment_status":"closed","ping_status":"closed","sticky":false,"template":"","format":"standard","meta":{"_et_pb_use_builder":"","_et_pb_old_content":"","_et_gb_content_width":"","footnotes":""},"categories":[6,13],"tags":[],"class_list":["post-6298","post","type-post","status-publish","format-standard","has-post-thumbnail","hentry","category-novedades","category-testimonios"],"_links":{"self":[{"href":"https:\/\/www.upla.cl\/admision\/wp-json\/wp\/v2\/posts\/6298","targetHints":{"allow":["GET"]}}],"collection":[{"href":"https:\/\/www.upla.cl\/admision\/wp-json\/wp\/v2\/posts"}],"about":[{"href":"https:\/\/www.upla.cl\/admision\/wp-json\/wp\/v2\/types\/post"}],"author":[{"embeddable":true,"href":"https:\/\/www.upla.cl\/admision\/wp-json\/wp\/v2\/users\/7"}],"replies":[{"embeddable":true,"href":"https:\/\/www.upla.cl\/admision\/wp-json\/wp\/v2\/comments?post=6298"}],"version-history":[{"count":0,"href":"https:\/\/www.upla.cl\/admision\/wp-json\/wp\/v2\/posts\/6298\/revisions"}],"wp:featuredmedia":[{"embeddable":true,"href":"https:\/\/www.upla.cl\/admision\/wp-json\/wp\/v2\/media\/6299"}],"wp:attachment":[{"href":"https:\/\/www.upla.cl\/admision\/wp-json\/wp\/v2\/media?parent=6298"}],"wp:term":[{"taxonomy":"category","embeddable":true,"href":"https:\/\/www.upla.cl\/admision\/wp-json\/wp\/v2\/categories?post=6298"},{"taxonomy":"post_tag","embeddable":true,"href":"https:\/\/www.upla.cl\/admision\/wp-json\/wp\/v2\/tags?post=6298"}],"curies":[{"name":"wp","href":"https:\/\/api.w.org\/{rel}","templated":true}]}}