{"id":6196,"date":"2016-12-05T20:50:30","date_gmt":"2016-12-05T23:50:30","guid":{"rendered":"http:\/\/www.upla.cl\/admision\/?p=6196"},"modified":"2016-12-05T20:50:30","modified_gmt":"2016-12-05T23:50:30","slug":"gabriela-quezada-y-su-experiencia-en-educacion-parvularia","status":"publish","type":"post","link":"https:\/\/www.upla.cl\/admision\/2016\/12\/05\/gabriela-quezada-y-su-experiencia-en-educacion-parvularia\/","title":{"rendered":"Gabriela Quezada y su experiencia en Educaci\u00f3n Parvularia"},"content":{"rendered":"<p><img loading=\"lazy\" decoding=\"async\" class=\"alignright wp-image-6197 size-medium\" src=\"https:\/\/www.upla.cl\/admision\/wp-content\/uploads\/2016\/12\/Gabriela-Quezada-Ed.-Parvularia-225x300.jpg\" alt=\"gabriela-quezada-ed-parvularia\" width=\"225\" height=\"300\" srcset=\"https:\/\/www.upla.cl\/admision\/wp-content\/uploads\/2016\/12\/Gabriela-Quezada-Ed.-Parvularia-225x300.jpg 225w, https:\/\/www.upla.cl\/admision\/wp-content\/uploads\/2016\/12\/Gabriela-Quezada-Ed.-Parvularia-768x1024.jpg 768w, https:\/\/www.upla.cl\/admision\/wp-content\/uploads\/2016\/12\/Gabriela-Quezada-Ed.-Parvularia.jpg 1080w\" sizes=\"(max-width: 225px) 100vw, 225px\" \/>Eleg\u00ed la UPLA por su enfoque social, porque las pr\u00e1cticas empiezan desde el primer semestre y en ellas te hacen ver las dos realidades, tanto la p\u00fablica como la privada, y eso para m\u00ed complementa la carrera.<\/p>\n<p>La experiencia de trabajar en colegios de escasos recursos es muy importante, porque ves a los ni\u00f1os c\u00f3mo se esfuerzan por avanzar positivamente durante el d\u00eda. Ah\u00ed te das cuenta que ellos quieren aprender porque se ponen muy felices cuando llegan y te ven en la sala.<\/p>\n<p>Estoy en la UPLA por los enfoques de mi carrera de <strong><a href=\"https:\/\/www.upla.cl\/admision\/carreras-profesionales\/facultad-de-ciencias-de-laeducacion\/educacion-parvularia\/\" target=\"_blank\">Educaci\u00f3n Parvularia<\/a><\/strong>. No me fui a una privada porque tienen otra mirada, la UPLA se dedica al \u00e1rea social. Los profesores la refuerzan d\u00e1ndonos espacios para discutir el contenido y los temas que nos llaman la atenci\u00f3n.<\/p>\n<h3>\u00bfQu\u00e9 le dir\u00edas a los nuevos postulantes de la UPLA?<\/h3>\n<p>Que elijan por vocaci\u00f3n y no por plata, ni por lo que dicen las dem\u00e1s personas, que elijan con\u00a0el coraz\u00f3n y por lo que m\u00e1s le guste.<\/p>\n","protected":false},"excerpt":{"rendered":"<p>\u00abEleg\u00ed la UPLA por su enfoque social, porque las pr\u00e1cticas empiezan desde el primer semestre y en ellas te hacen ver las dos realidades, tanto la p\u00fablica como la privada, y eso para m\u00ed complementa la carrera\u00bb.<\/p>\n","protected":false},"author":7,"featured_media":6197,"comment_status":"closed","ping_status":"closed","sticky":false,"template":"","format":"standard","meta":{"_et_pb_use_builder":"","_et_pb_old_content":"","_et_gb_content_width":"","footnotes":""},"categories":[6,13],"tags":[],"class_list":["post-6196","post","type-post","status-publish","format-standard","has-post-thumbnail","hentry","category-novedades","category-testimonios"],"_links":{"self":[{"href":"https:\/\/www.upla.cl\/admision\/wp-json\/wp\/v2\/posts\/6196","targetHints":{"allow":["GET"]}}],"collection":[{"href":"https:\/\/www.upla.cl\/admision\/wp-json\/wp\/v2\/posts"}],"about":[{"href":"https:\/\/www.upla.cl\/admision\/wp-json\/wp\/v2\/types\/post"}],"author":[{"embeddable":true,"href":"https:\/\/www.upla.cl\/admision\/wp-json\/wp\/v2\/users\/7"}],"replies":[{"embeddable":true,"href":"https:\/\/www.upla.cl\/admision\/wp-json\/wp\/v2\/comments?post=6196"}],"version-history":[{"count":0,"href":"https:\/\/www.upla.cl\/admision\/wp-json\/wp\/v2\/posts\/6196\/revisions"}],"wp:featuredmedia":[{"embeddable":true,"href":"https:\/\/www.upla.cl\/admision\/wp-json\/wp\/v2\/media\/6197"}],"wp:attachment":[{"href":"https:\/\/www.upla.cl\/admision\/wp-json\/wp\/v2\/media?parent=6196"}],"wp:term":[{"taxonomy":"category","embeddable":true,"href":"https:\/\/www.upla.cl\/admision\/wp-json\/wp\/v2\/categories?post=6196"},{"taxonomy":"post_tag","embeddable":true,"href":"https:\/\/www.upla.cl\/admision\/wp-json\/wp\/v2\/tags?post=6196"}],"curies":[{"name":"wp","href":"https:\/\/api.w.org\/{rel}","templated":true}]}}