{"id":6162,"date":"2016-11-03T11:58:56","date_gmt":"2016-11-03T14:58:56","guid":{"rendered":"http:\/\/www.upla.cl\/admision\/?p=6162"},"modified":"2016-11-10T12:47:37","modified_gmt":"2016-11-10T15:47:37","slug":"informate-sobre-las-pruebas-para-admision-especial-2017-a-la-upla-via-deportistas-destacados","status":"publish","type":"post","link":"https:\/\/www.upla.cl\/admision\/2016\/11\/03\/informate-sobre-las-pruebas-para-admision-especial-2017-a-la-upla-via-deportistas-destacados\/","title":{"rendered":"Inf\u00f3rmate sobre las pruebas para Admisi\u00f3n Especial 2017 a la UPLA v\u00eda Deportistas Destacados"},"content":{"rendered":"<p>La Direcci\u00f3n de Selecci\u00f3n y Admisi\u00f3n de Alumnos dio a conocerr este jueves la\u00a0programaci\u00f3n para evaluar en forma pr\u00e1ctica a los postulantes de <strong>Admisi\u00f3n Especial por la v\u00eda Deportista Destacado para el Proceso de Admisi\u00f3n del a\u00f1o 2017.<\/strong><\/p>\n<p>Se hace especial hincapi\u00e9 en que los estudiantes deben presentarse en los lugares dispuestos por la comisi\u00f3n deportiva -integrada por los t\u00e9cnicos de las ramas de la universidad- con equipamiento pertinente a cada disciplina.<\/p>\n<p>[su_accordion]<\/p>\n<p>[su_spoiler title=\u00bbB\u00e1squetbol damas\u00bb style=\u00bbfancy\u00bb]<\/p>\n<p>[su_table]<\/p>\n<table>\n<tbody>\n<tr>\n<td><strong>Profesor a cargo<\/strong><\/td>\n<td><strong>Fecha<\/strong><\/td>\n<td><strong>Horario<\/strong><\/td>\n<td><strong>Lugar<\/strong><\/td>\n<\/tr>\n<tr>\n<td>Juan Pablo Ferrada<\/td>\n<td>Lunes 21 de noviembre<\/td>\n<td>20.00 a 21.10 horas<\/td>\n<td>Gimnasio principal<\/td>\n<\/tr>\n<\/tbody>\n<\/table>\n<p>[\/su_table]<\/p>\n<p>[\/su_spoiler]<\/p>\n<p>[su_spoiler title=\u00bbB\u00e1squetbol varones\u00bb style=\u00bbfancy\u00bb]<\/p>\n<p>[su_table]<\/p>\n<table>\n<tbody>\n<tr>\n<td><strong>Profesor a cargo<\/strong><\/td>\n<td><strong>Fecha<\/strong><\/td>\n<td><strong>Horario<\/strong><\/td>\n<td><strong>Lugar<\/strong><\/td>\n<\/tr>\n<tr>\n<td>Felipe Ortega<\/td>\n<td>Lunes 21 de noviembre<\/td>\n<td>20.00 a 21.10 horas<\/td>\n<td>Gimnasio principal<\/td>\n<\/tr>\n<\/tbody>\n<\/table>\n<p>[\/su_table]<\/p>\n<p>[\/su_spoiler]<\/p>\n<p>[su_spoiler title=\u00bbV\u00f3leibol damas\u00bb style=\u00bbfancy\u00bb]<\/p>\n<p>[su_table]<\/p>\n<table>\n<tbody>\n<tr>\n<td><strong>Profesor a cargo<\/strong><\/td>\n<td><strong>Fecha<\/strong><\/td>\n<td><strong>Horario<\/strong><\/td>\n<td><strong>Lugar<\/strong><\/td>\n<\/tr>\n<tr>\n<td>Boris Pinto<\/td>\n<td>Lunes 21 de noviembre<\/td>\n<td>20.00 a 21.15 horas<\/td>\n<td>Gimnasio principal<\/td>\n<\/tr>\n<\/tbody>\n<\/table>\n<p>[\/su_table]<\/p>\n<p>[\/su_spoiler]<\/p>\n<p>[su_spoiler title=\u00bbBal\u00f3nmano damas\u00bb style=\u00bbfancy\u00bb]<\/p>\n<p>[su_table]<\/p>\n<table>\n<tbody>\n<tr>\n<td><strong>Profesor a cargo<\/strong><\/td>\n<td><strong>Fecha<\/strong><\/td>\n<td><strong>Horario<\/strong><\/td>\n<td><strong>Lugar<\/strong><\/td>\n<\/tr>\n<tr>\n<td>Claudio Hinojosa<\/td>\n<td>Martes 22 de noviembre<\/td>\n<td>20.30 a 22.00 horas<\/td>\n<td>Gimnasio principal<\/td>\n<\/tr>\n<\/tbody>\n<\/table>\n<p>[\/su_table]<\/p>\n<p>[\/su_spoiler]<\/p>\n<p>[su_spoiler title=\u00bbBal\u00f3nmano varones\u00bb style=\u00bbfancy\u00bb]<\/p>\n<p>[su_table]<\/p>\n<table>\n<tbody>\n<tr>\n<td><strong>Profesor a cargo<\/strong><\/td>\n<td><strong>Fecha<\/strong><\/td>\n<td><strong>Horario<\/strong><\/td>\n<td><strong>Lugar<\/strong><\/td>\n<\/tr>\n<tr>\n<td>Cristian Zamora<\/td>\n<td>Martes 22 de noviembre<\/td>\n<td>20.30 a 22.00 horas<\/td>\n<td>Gimnasio principal<\/td>\n<\/tr>\n<\/tbody>\n<\/table>\n<p>[\/su_table]<\/p>\n<p>[\/su_spoiler]<\/p>\n<p>[su_spoiler title=\u00bbNataci\u00f3n\u00bb style=\u00bbfancy\u00bb]<\/p>\n<p>[su_table]<\/p>\n<table>\n<tbody>\n<tr>\n<td><strong>Profesor a cargo<\/strong><\/td>\n<td><strong>Fecha<\/strong><\/td>\n<td><strong>Horario<\/strong><\/td>\n<td><strong>Lugar<\/strong><\/td>\n<\/tr>\n<tr>\n<td>Hern\u00e1n Moya<\/td>\n<td>Martes 22 de noviembre<\/td>\n<td>14.30 s 15.30 horas<\/td>\n<td>Piscina Complejo Naval (Paseo 21 de Mayo)<\/td>\n<\/tr>\n<\/tbody>\n<\/table>\n<p>[\/su_table]<\/p>\n<p>[\/su_spoiler]<\/p>\n<p>[su_spoiler title=\u00bbTaekwon-Do\u00bb style=\u00bbfancy\u00bb]<\/p>\n<p>[su_table]<\/p>\n<table>\n<tbody>\n<tr>\n<td><strong>Profesor a cargo<\/strong><\/td>\n<td><strong>Fecha<\/strong><\/td>\n<td><strong>Horario<\/strong><\/td>\n<td><strong>Lugar<\/strong><\/td>\n<\/tr>\n<tr>\n<td>Jos\u00e9 Zapata<\/td>\n<td>Martes 22\u00a0de noviembre<\/td>\n<td>20.00 a 22.00 horas<\/td>\n<td>Gimnasio anexo<\/td>\n<\/tr>\n<\/tbody>\n<\/table>\n<p>[\/su_table]<\/p>\n<p>[\/su_spoiler]<\/p>\n<p>[su_spoiler title=\u00bbRugby Seven\u00bb style=\u00bbfancy\u00bb]<\/p>\n<p>[su_table]<\/p>\n<table>\n<tbody>\n<tr>\n<td><strong>Profesor a cargo<\/strong><\/td>\n<td><strong>Fecha<\/strong><\/td>\n<td><strong>Horario<\/strong><\/td>\n<td><strong>Lugar<\/strong><\/td>\n<\/tr>\n<tr>\n<td>Agust\u00edn Toutin<\/td>\n<td>Mi\u00e9rcoles 23 de noviembre<\/td>\n<td>20.00 a 21.15 horas<\/td>\n<td>Gimnasios principal y anexo<\/td>\n<\/tr>\n<\/tbody>\n<\/table>\n<p>[\/su_table]<\/p>\n<p>[\/su_spoiler]<\/p>\n<p>[su_spoiler title=\u00bbF\u00fatbol damas\u00bb style=\u00bbfancy\u00bb]<\/p>\n<p>[su_table]<\/p>\n<table>\n<tbody>\n<tr>\n<td><strong>Profesor a cargo<\/strong><\/td>\n<td><strong>Fecha<\/strong><\/td>\n<td><strong>Horario<\/strong><\/td>\n<td><strong>Lugar<\/strong><\/td>\n<\/tr>\n<tr>\n<td>Cristian Zamora<\/td>\n<td>Mi\u00e9rcoles 23 de noviembre<\/td>\n<td>20.00 a 21.15 horas<\/td>\n<td>Gimnasios principal y anexo<\/td>\n<\/tr>\n<\/tbody>\n<\/table>\n<p>[\/su_table]<\/p>\n<p>[\/su_spoiler]<\/p>\n<p>[su_spoiler title=\u00bbF\u00fatbol varones\u00bb style=\u00bbfancy\u00bb]<\/p>\n<p>[su_table]<\/p>\n<table>\n<tbody>\n<tr>\n<td><strong>Profesor a cargo<\/strong><\/td>\n<td><strong>Fecha<\/strong><\/td>\n<td><strong>Horario<\/strong><\/td>\n<td><strong>Lugar<\/strong><\/td>\n<\/tr>\n<tr>\n<td>H\u00e9ctor Guzm\u00e1n<\/td>\n<td>Mi\u00e9rcoles 23 de noviembre<\/td>\n<td>20.00 a 21.15 horas<\/td>\n<td>Gimnasios principal y anexo<\/td>\n<\/tr>\n<\/tbody>\n<\/table>\n<p>[\/su_table]<\/p>\n<p>[\/su_spoiler]<\/p>\n<p>[su_spoiler title=\u00bbV\u00f3leibol Varones\u00bb style=\u00bbfancy\u00bb]<\/p>\n<p>[su_table]<\/p>\n<table>\n<tbody>\n<tr>\n<td><strong>Profesor a cargo<\/strong><\/td>\n<td><strong>Fecha<\/strong><\/td>\n<td><strong>Horario<\/strong><\/td>\n<td><strong>Lugar<\/strong><\/td>\n<\/tr>\n<tr>\n<td>Gonzalo Mu\u00f1oz<\/td>\n<td>Mi\u00e9rcoles 23 de noviembre<\/td>\n<td>20.00 a 21.15 horas<\/td>\n<td>Gimnasios principal y anexo<\/td>\n<\/tr>\n<\/tbody>\n<\/table>\n<p>[\/su_table]<\/p>\n<p>[\/su_spoiler]<\/p>\n<p>[su_spoiler title=\u00bbKarate\u00bb style=\u00bbfancy\u00bb]<\/p>\n<p>[su_table]<\/p>\n<table>\n<tbody>\n<tr>\n<td><strong>Profesor a cargo<\/strong><\/td>\n<td><strong>Fecha<\/strong><\/td>\n<td><strong>Horario<\/strong><\/td>\n<td><strong>Lugar<\/strong><\/td>\n<\/tr>\n<tr>\n<td>Nielsen Salas<\/td>\n<td>Mi\u00e9rcoles 23 de noviembre<\/td>\n<td>18.30 a 19.40 horas<\/td>\n<td>Gimnasio FEL<\/td>\n<\/tr>\n<\/tbody>\n<\/table>\n<p>[\/su_table]<\/p>\n<p>[\/su_spoiler]<\/p>\n<p>[su_spoiler title=\u00bbFutsal Damas\u00bb style=\u00bbfancy\u00bb]<\/p>\n<p>[su_table]<\/p>\n<table>\n<tbody>\n<tr>\n<td><strong>Profesor a cargo<\/strong><\/td>\n<td><strong>Fecha<\/strong><\/td>\n<td><strong>Horario<\/strong><\/td>\n<td><strong>Lugar<\/strong><\/td>\n<\/tr>\n<tr>\n<td>Cristian Zamora<\/td>\n<td>Jueves 24 de noviembre<\/td>\n<td>20.00 a 21.15 horas<\/td>\n<td>Gimnasio principal<\/td>\n<\/tr>\n<\/tbody>\n<\/table>\n<p>[\/su_table]<\/p>\n<p>[\/su_spoiler]<\/p>\n<p>[su_spoiler title=\u00bbFutsal varones\u00bb style=\u00bbfancy\u00bb]<\/p>\n<p>[su_table]<\/p>\n<table>\n<tbody>\n<tr>\n<td><strong>Profesor a cargo<\/strong><\/td>\n<td><strong>Fecha<\/strong><\/td>\n<td><strong>Horario<\/strong><\/td>\n<td><strong>Lugar<\/strong><\/td>\n<\/tr>\n<tr>\n<td>Juan Tello<\/td>\n<td>Jueves 24 de noviembre<\/td>\n<td>20.00 a 21.15 horas<\/td>\n<td>Gimnasio principal<\/td>\n<\/tr>\n<\/tbody>\n<\/table>\n<p>[\/su_table]<\/p>\n<p>[\/su_spoiler]<\/p>\n<p>[su_spoiler title=\u00bbCross Country\u00bb style=\u00bbfancy\u00bb]<\/p>\n<p>[su_table]<\/p>\n<table>\n<tbody>\n<tr>\n<td><strong>Profesor a cargo<\/strong><\/td>\n<td><strong>Fecha<\/strong><\/td>\n<td><strong>Horario<\/strong><\/td>\n<td><strong>Lugar<\/strong><\/td>\n<\/tr>\n<tr>\n<td>Sergio Galdames<\/td>\n<td>Jueves 24 de noviembre<\/td>\n<td>10.45 a 12.00 horas<\/td>\n<td>Pista del estadio\u00a0El\u00edas Figueroa Brander<\/td>\n<\/tr>\n<\/tbody>\n<\/table>\n<p>[\/su_table]<\/p>\n<p>[\/su_spoiler]<\/p>\n<p>[su_spoiler title=\u00bbAtletismo\u00bb style=\u00bbfancy\u00bb]<\/p>\n<p>[su_table]<\/p>\n<table>\n<tbody>\n<tr>\n<td><strong>Profesor a cargo<\/strong><\/td>\n<td><strong>Fecha<\/strong><\/td>\n<td><strong>Horario<\/strong><\/td>\n<td><strong>Lugar<\/strong><\/td>\n<\/tr>\n<tr>\n<td>Sergio Galdames<\/td>\n<td>Jueves 24 de noviembre<\/td>\n<td>10.45 a 12.00 horas<\/td>\n<td>Pista del estadio\u00a0El\u00edas Figueroa Brander<\/td>\n<\/tr>\n<\/tbody>\n<\/table>\n<p>[\/su_table]<\/p>\n<p>[\/su_spoiler]<\/p>\n<p>[su_spoiler title=\u00bbGimnasia art\u00edstica\u00bb style=\u00bbfancy\u00bb]<\/p>\n<p>[su_table]<\/p>\n<table>\n<tbody>\n<tr>\n<td><strong>Profesor a cargo<\/strong><\/td>\n<td><strong>Fecha<\/strong><\/td>\n<td><strong>Horario<\/strong><\/td>\n<td><strong>Lugar<\/strong><\/td>\n<\/tr>\n<tr>\n<td>Bruce Gallardo<\/td>\n<td>S\u00e1bado 26 de noviembre<\/td>\n<td>08.30 a 11.00 horas<\/td>\n<td>Gimnasio principal<\/td>\n<\/tr>\n<\/tbody>\n<\/table>\n<p>[\/su_table]<\/p>\n<p>[\/su_spoiler]<\/p>\n<p>&nbsp;<\/p>\n<p>[\/su_accordion]<\/p>\n<p>Para mayor informaci\u00f3n, los alumnos deben contactarse a los tel\u00e9fonos: +56322500287 o +56322500295 o a trav\u00e9s de los correos electr\u00f3nicos:\u00a0<a href=\"mailto:clubdep@upla.cl\">clubdep@upla.cl<\/a>, <a href=\"mailto:juan.ferrada@upla.cl\">juan.ferrada@upla.cl<\/a> o <a href=\"mailto:hguzman@upla.cl\">hguzman@upla.cl<\/a><\/p>\n","protected":false},"excerpt":{"rendered":"<p>Desde el mi\u00e9rcoles 9 hasta el viernes 11 de diciembre.<\/p>\n","protected":false},"author":7,"featured_media":6163,"comment_status":"closed","ping_status":"closed","sticky":false,"template":"","format":"standard","meta":{"_et_pb_use_builder":"","_et_pb_old_content":"","_et_gb_content_width":"","footnotes":""},"categories":[6,8],"tags":[],"class_list":["post-6162","post","type-post","status-publish","format-standard","has-post-thumbnail","hentry","category-novedades","category-vias-de-admision"],"_links":{"self":[{"href":"https:\/\/www.upla.cl\/admision\/wp-json\/wp\/v2\/posts\/6162","targetHints":{"allow":["GET"]}}],"collection":[{"href":"https:\/\/www.upla.cl\/admision\/wp-json\/wp\/v2\/posts"}],"about":[{"href":"https:\/\/www.upla.cl\/admision\/wp-json\/wp\/v2\/types\/post"}],"author":[{"embeddable":true,"href":"https:\/\/www.upla.cl\/admision\/wp-json\/wp\/v2\/users\/7"}],"replies":[{"embeddable":true,"href":"https:\/\/www.upla.cl\/admision\/wp-json\/wp\/v2\/comments?post=6162"}],"version-history":[{"count":0,"href":"https:\/\/www.upla.cl\/admision\/wp-json\/wp\/v2\/posts\/6162\/revisions"}],"wp:featuredmedia":[{"embeddable":true,"href":"https:\/\/www.upla.cl\/admision\/wp-json\/wp\/v2\/media\/6163"}],"wp:attachment":[{"href":"https:\/\/www.upla.cl\/admision\/wp-json\/wp\/v2\/media?parent=6162"}],"wp:term":[{"taxonomy":"category","embeddable":true,"href":"https:\/\/www.upla.cl\/admision\/wp-json\/wp\/v2\/categories?post=6162"},{"taxonomy":"post_tag","embeddable":true,"href":"https:\/\/www.upla.cl\/admision\/wp-json\/wp\/v2\/tags?post=6162"}],"curies":[{"name":"wp","href":"https:\/\/api.w.org\/{rel}","templated":true}]}}