{"id":5884,"date":"2015-12-01T12:02:35","date_gmt":"2015-12-01T15:02:35","guid":{"rendered":"http:\/\/www.upla.cl\/admision\/?p=5884"},"modified":"2015-12-01T12:02:35","modified_gmt":"2015-12-01T15:02:35","slug":"informate-sobre-las-pruebas-para-admision-especial-2016-a-la-upla-via-deportistas-destacados","status":"publish","type":"post","link":"https:\/\/www.upla.cl\/admision\/2015\/12\/01\/informate-sobre-las-pruebas-para-admision-especial-2016-a-la-upla-via-deportistas-destacados\/","title":{"rendered":"Inf\u00f3rmate sobre las pruebas para Admisi\u00f3n Especial 2016 a la UPLA v\u00eda Deportistas Destacados"},"content":{"rendered":"<p>El director del Club de Deportes y Recreaci\u00f3n, H\u00e9ctor Guzm\u00e1n Ojeda, inform\u00f3 sobre programaci\u00f3n para evaluar en forma pr\u00e1ctica a los postulantes de Admisi\u00f3n Especial por la v\u00eda Deportista Destacado para el a\u00f1o 2016.<\/p>\n<p>Se hace especial hincapi\u00e9 en que los estudiantes deben presentarse en los lugares dispuestos por la comisi\u00f3n deportiva -integrada por los t\u00e9cnicos de las ramas de la universidad, con equipamiento pertinente a cada disciplina.<\/p>\n<p>[su_accordion]<br \/>\n[su_spoiler title=\u00bbGimnasia R\u00edtmica\u00bb](Deber\u00e1 preparan una presentaci\u00f3n de su disciplina de no m\u00e1s de 5 minutos con dos implemento)<br \/>\nViernes 11 de diciembre a las 12.15 horas en el Gimnasio Principal de la UPLA[\/su_spoiler]<br \/>\n[su_spoiler title=\u00bbAtletismo\u00bb]Mi\u00e9rcoles 9 de diciembre a las 11.00 horas en la pista atl\u00e9tica del Estadio El\u00edas Figueroa Brander<br \/>\n[su_gmap address=\u00bbEstadio El\u00edas Figueroa Brander\u00bb]Estadio El\u00edas Figueroa Brander[\/su_gmap]<br \/>\n[\/su_spoiler]<br \/>\n[su_spoiler title=\u00bbB\u00e1squetbol\u00bb]Mi\u00e9rcoles 9 de diciembre a las 19.45 horas en el Gimnasio Principal de la UPLA[\/su_spoiler]<br \/>\n[su_spoiler title=\u00bbBalonmano\u00bb]Jueves 10 de diciembre a las 19.30 horas en el Gimnasio Principal de la UPLA[\/su_spoiler]<br \/>\n[su_spoiler title=\u00bbF\u00fatbol\u00bb]Viernes 11 de diciembre a las 16.30 horas en el Gimnasio Principal de la UPLA[\/su_spoiler]<br \/>\n[su_spoiler title=\u00bbKarate Do\u00bb]Viernes 11 de diciembre a las 18.00 horas en el Gimnasio Principal de la UPLA[\/su_spoiler]<br \/>\n[su_spoiler title=\u00bbTaekwondo\u00bb]Viernes 11 de diciembre a las 18.00 horas en el Gimnasio Anexo de la UPLA[\/su_spoiler]<br \/>\n[\/su_accordion]<\/p>\n<p>Para mayor informaci\u00f3n, los alumnos deben contactarse a los tel\u00e9fonos: +56322500287 o +56322500295 o a trav\u00e9s de los correos electr\u00f3nicos:\u00a0<a href=\"mailto:clubdep@upla.cl\">clubdep@upla.cl<\/a>, <a href=\"mailto:juan.ferrada@upla.cl\">juan.ferrada@upla.cl<\/a> o <a href=\"mailto:hguzman@upla.cl\">hguzman@upla.cl<\/a><\/p>\n","protected":false},"excerpt":{"rendered":"<p>Desde el mi\u00e9rcoles 9 hasta el viernes 11 de diciembre.<\/p>\n","protected":false},"author":7,"featured_media":5889,"comment_status":"closed","ping_status":"closed","sticky":false,"template":"","format":"standard","meta":{"_et_pb_use_builder":"","_et_pb_old_content":"","_et_gb_content_width":"","footnotes":""},"categories":[6,8],"tags":[],"class_list":["post-5884","post","type-post","status-publish","format-standard","has-post-thumbnail","hentry","category-novedades","category-vias-de-admision"],"_links":{"self":[{"href":"https:\/\/www.upla.cl\/admision\/wp-json\/wp\/v2\/posts\/5884","targetHints":{"allow":["GET"]}}],"collection":[{"href":"https:\/\/www.upla.cl\/admision\/wp-json\/wp\/v2\/posts"}],"about":[{"href":"https:\/\/www.upla.cl\/admision\/wp-json\/wp\/v2\/types\/post"}],"author":[{"embeddable":true,"href":"https:\/\/www.upla.cl\/admision\/wp-json\/wp\/v2\/users\/7"}],"replies":[{"embeddable":true,"href":"https:\/\/www.upla.cl\/admision\/wp-json\/wp\/v2\/comments?post=5884"}],"version-history":[{"count":0,"href":"https:\/\/www.upla.cl\/admision\/wp-json\/wp\/v2\/posts\/5884\/revisions"}],"wp:featuredmedia":[{"embeddable":true,"href":"https:\/\/www.upla.cl\/admision\/wp-json\/wp\/v2\/media\/5889"}],"wp:attachment":[{"href":"https:\/\/www.upla.cl\/admision\/wp-json\/wp\/v2\/media?parent=5884"}],"wp:term":[{"taxonomy":"category","embeddable":true,"href":"https:\/\/www.upla.cl\/admision\/wp-json\/wp\/v2\/categories?post=5884"},{"taxonomy":"post_tag","embeddable":true,"href":"https:\/\/www.upla.cl\/admision\/wp-json\/wp\/v2\/tags?post=5884"}],"curies":[{"name":"wp","href":"https:\/\/api.w.org\/{rel}","templated":true}]}}