{"id":4335,"date":"2013-11-18T13:38:08","date_gmt":"2013-11-18T13:38:08","guid":{"rendered":"http:\/\/www.upla.cl\/admision\/?p=4335"},"modified":"2013-11-18T14:04:31","modified_gmt":"2013-11-18T14:04:31","slug":"testimonios-rodrigo-moran-vargas-23-anos-estudiante-de-pedagogia-en-educacion-fisica","status":"publish","type":"post","link":"https:\/\/www.upla.cl\/admision\/2013\/11\/18\/testimonios-rodrigo-moran-vargas-23-anos-estudiante-de-pedagogia-en-educacion-fisica\/","title":{"rendered":"Conoce la experiencia de Rodrigo Mor\u00e1n Vargas, estudiante de Pedagog\u00eda en Educaci\u00f3n F\u00edsica"},"content":{"rendered":"<p><a href=\"https:\/\/www.upla.cl\/admision\/wp-content\/uploads\/2013\/11\/2013_1115_admision2014_testimonios_rodrigo_moran2.jpg\"><img loading=\"lazy\" decoding=\"async\" class=\"wp-image-4353 alignleft\" alt=\"2013_1115_admision2014_testimonios_rodrigo_moran2\" src=\"https:\/\/www.upla.cl\/admision\/wp-content\/uploads\/2013\/11\/2013_1115_admision2014_testimonios_rodrigo_moran2.jpg\" width=\"179\" height=\"336\" \/><\/a>\u201cLlevo 5 a\u00f1os en esta universidad luego de estudiar un a\u00f1o de periodismo y posteriormente\u00a0realizar un cambio interno a mi nueva carrera.<\/p>\n<p>Una de las cosas que m\u00e1s valoro es el tema del compromiso, que es muy superior a lo que me comentan de otras universidades, ya sean privadas o estatales, eso yo lo veo y lo siento en la relaci\u00f3n con los profesores que son muy cercanos.<\/p>\n<p>Si tuviera que definir esta experiencia\u00a0 ser\u00eda &#8216;hacer universidad&#8217;,\u00a0pues hay mucha cercan\u00eda, diversidad, compa\u00f1erismo. Tambi\u00e9n existen muchos movimientos culturales y plataformas\u00a0sociales dentro de los mismos cursos. Estas cosas no siempre se dicen y por eso es bueno poder compartirlo con los dem\u00e1s\u201d.<\/p>\n","protected":false},"excerpt":{"rendered":"<p>\u00abSi tuviera que definir esta experiencia  ser\u00eda &#8216;hacer universidad&#8217;, pues hay mucha cercan\u00eda, diversidad, compa\u00f1erismo\u00bb.<\/p>\n","protected":false},"author":7,"featured_media":0,"comment_status":"closed","ping_status":"closed","sticky":false,"template":"","format":"standard","meta":{"_et_pb_use_builder":"","_et_pb_old_content":"","_et_gb_content_width":"","footnotes":""},"categories":[6,13],"tags":[],"class_list":["post-4335","post","type-post","status-publish","format-standard","hentry","category-novedades","category-testimonios"],"_links":{"self":[{"href":"https:\/\/www.upla.cl\/admision\/wp-json\/wp\/v2\/posts\/4335","targetHints":{"allow":["GET"]}}],"collection":[{"href":"https:\/\/www.upla.cl\/admision\/wp-json\/wp\/v2\/posts"}],"about":[{"href":"https:\/\/www.upla.cl\/admision\/wp-json\/wp\/v2\/types\/post"}],"author":[{"embeddable":true,"href":"https:\/\/www.upla.cl\/admision\/wp-json\/wp\/v2\/users\/7"}],"replies":[{"embeddable":true,"href":"https:\/\/www.upla.cl\/admision\/wp-json\/wp\/v2\/comments?post=4335"}],"version-history":[{"count":0,"href":"https:\/\/www.upla.cl\/admision\/wp-json\/wp\/v2\/posts\/4335\/revisions"}],"wp:attachment":[{"href":"https:\/\/www.upla.cl\/admision\/wp-json\/wp\/v2\/media?parent=4335"}],"wp:term":[{"taxonomy":"category","embeddable":true,"href":"https:\/\/www.upla.cl\/admision\/wp-json\/wp\/v2\/categories?post=4335"},{"taxonomy":"post_tag","embeddable":true,"href":"https:\/\/www.upla.cl\/admision\/wp-json\/wp\/v2\/tags?post=4335"}],"curies":[{"name":"wp","href":"https:\/\/api.w.org\/{rel}","templated":true}]}}