{"id":3933,"date":"2013-10-09T20:30:25","date_gmt":"2013-10-09T20:30:25","guid":{"rendered":"http:\/\/www.upla.cl\/admision\/?p=3933"},"modified":"2013-10-24T17:42:34","modified_gmt":"2013-10-24T17:42:34","slug":"mas-de-mil-estudiantes-participaron-del-puertas-abiertas-de-la-upla-en-valparaiso","status":"publish","type":"post","link":"https:\/\/www.upla.cl\/admision\/2013\/10\/09\/mas-de-mil-estudiantes-participaron-del-puertas-abiertas-de-la-upla-en-valparaiso\/","title":{"rendered":"M\u00e1s de mil estudiantes participaron del \u00abPuertas Abiertas\u00bb de la UPLA en Valpara\u00edso"},"content":{"rendered":"<p>Con la participaci\u00f3n de m\u00e1s de mil asistentes se desarroll\u00f3 con \u00e9xito el \u201cPuertas Abiertas 2013\u201d organizado por la Universidad de Playa Ancha (UPLA) a trav\u00e9s de su Direcci\u00f3n de Selecci\u00f3n y Admisi\u00f3n de alumnos y la Direcci\u00f3n General de Vinculaci\u00f3n con el Medio. Una iniciativa que busc\u00f3 acercar la realidad universitaria a los j\u00f3venes con actividades como una visita guiada al laboratorio de Morfolog\u00eda, una clase de rehabilitaci\u00f3n f\u00edsica , una muestra de juegos y software o una clase de t\u00e9cnicas culinarias, entre muchas otras. Adem\u00e1s se dispuso de stands con informaci\u00f3n \u00a0relevante sobre las carreras que imparte esta tradicional casa de estudios superiores; y orientaci\u00f3n respecto de becas, cr\u00e9ditos y otros beneficios que brinda la UPLA a sus estudiantes. Todo ello en un ambiente distendido con intervenciones art\u00edstico culturales de la mano del Ballet Gimn\u00e1stico de la instituci\u00f3n, la agrupaci\u00f3n musical Big band (conformada en su mayor\u00eda por alumnos) y las tunas de Distrito Mayor y de la Facultad de Artes. En tanto, el pr\u00f3ximo 23 de octubre ser\u00e1 el turno del Campus San Felipe, que ya se est\u00e1 preparando para abrir sus puertas a los futuros estudiantes universitarios. \u00a0 <a href=\"https:\/\/www.upla.cl\/admision\/wp-content\/uploads\/2013\/10\/arte.jpg\"><img loading=\"lazy\" decoding=\"async\" class=\"alignnone size-medium wp-image-3935\" alt=\"arte\" src=\"https:\/\/www.upla.cl\/admision\/wp-content\/uploads\/2013\/10\/arte-300x225.jpg\" width=\"300\" height=\"225\" srcset=\"https:\/\/www.upla.cl\/admision\/wp-content\/uploads\/2013\/10\/arte-300x225.jpg 300w, https:\/\/www.upla.cl\/admision\/wp-content\/uploads\/2013\/10\/arte-1024x768.jpg 1024w\" sizes=\"(max-width: 300px) 100vw, 300px\" \/><\/a> <a href=\"https:\/\/www.upla.cl\/admision\/wp-content\/uploads\/2013\/10\/Ballet-Gimn\u00e1stico.jpg\"><img loading=\"lazy\" decoding=\"async\" class=\"alignnone size-medium wp-image-3936\" alt=\"Ballet Gimn\u00e1stico\" src=\"https:\/\/www.upla.cl\/admision\/wp-content\/uploads\/2013\/10\/Ballet-Gimn\u00e1stico-300x225.jpg\" width=\"300\" height=\"225\" srcset=\"https:\/\/www.upla.cl\/admision\/wp-content\/uploads\/2013\/10\/Ballet-Gimn\u00e1stico-300x225.jpg 300w, https:\/\/www.upla.cl\/admision\/wp-content\/uploads\/2013\/10\/Ballet-Gimn\u00e1stico-1024x768.jpg 1024w\" sizes=\"(max-width: 300px) 100vw, 300px\" \/><\/a> <a href=\"https:\/\/www.upla.cl\/admision\/wp-content\/uploads\/2013\/10\/Big-band.jpg\"><img loading=\"lazy\" decoding=\"async\" class=\"alignnone size-medium wp-image-3937\" alt=\"Big band\" src=\"https:\/\/www.upla.cl\/admision\/wp-content\/uploads\/2013\/10\/Big-band-300x225.jpg\" width=\"300\" height=\"225\" srcset=\"https:\/\/www.upla.cl\/admision\/wp-content\/uploads\/2013\/10\/Big-band-300x225.jpg 300w, https:\/\/www.upla.cl\/admision\/wp-content\/uploads\/2013\/10\/Big-band-1024x768.jpg 1024w\" sizes=\"(max-width: 300px) 100vw, 300px\" \/><\/a> <a href=\"https:\/\/www.upla.cl\/admision\/wp-content\/uploads\/2013\/10\/puertas-abiertas-2.jpg\"><img loading=\"lazy\" decoding=\"async\" class=\"alignnone size-medium wp-image-3938\" alt=\"puertas abiertas 2\" src=\"https:\/\/www.upla.cl\/admision\/wp-content\/uploads\/2013\/10\/puertas-abiertas-2-300x225.jpg\" width=\"300\" height=\"225\" srcset=\"https:\/\/www.upla.cl\/admision\/wp-content\/uploads\/2013\/10\/puertas-abiertas-2-300x225.jpg 300w, https:\/\/www.upla.cl\/admision\/wp-content\/uploads\/2013\/10\/puertas-abiertas-2-1024x768.jpg 1024w\" sizes=\"(max-width: 300px) 100vw, 300px\" \/><\/a> <a href=\"https:\/\/www.upla.cl\/admision\/wp-content\/uploads\/2013\/10\/puertas-abiertas-31.jpg\"><img loading=\"lazy\" decoding=\"async\" class=\"alignnone size-medium wp-image-3939\" alt=\"puertas abiertas 3\" src=\"https:\/\/www.upla.cl\/admision\/wp-content\/uploads\/2013\/10\/puertas-abiertas-31-300x225.jpg\" width=\"300\" height=\"225\" srcset=\"https:\/\/www.upla.cl\/admision\/wp-content\/uploads\/2013\/10\/puertas-abiertas-31-300x225.jpg 300w, https:\/\/www.upla.cl\/admision\/wp-content\/uploads\/2013\/10\/puertas-abiertas-31-1024x768.jpg 1024w\" sizes=\"(max-width: 300px) 100vw, 300px\" \/><\/a> <a href=\"https:\/\/www.upla.cl\/admision\/wp-content\/uploads\/2013\/10\/puertas-abiertas-4.jpg\"><img loading=\"lazy\" decoding=\"async\" class=\"alignnone size-medium wp-image-3940\" alt=\"puertas abiertas 4\" src=\"https:\/\/www.upla.cl\/admision\/wp-content\/uploads\/2013\/10\/puertas-abiertas-4-300x225.jpg\" width=\"300\" height=\"225\" srcset=\"https:\/\/www.upla.cl\/admision\/wp-content\/uploads\/2013\/10\/puertas-abiertas-4-300x225.jpg 300w, https:\/\/www.upla.cl\/admision\/wp-content\/uploads\/2013\/10\/puertas-abiertas-4-1024x768.jpg 1024w\" sizes=\"(max-width: 300px) 100vw, 300px\" \/><\/a> <a href=\"https:\/\/www.upla.cl\/admision\/wp-content\/uploads\/2013\/10\/Puertas-abiertas-valpo.jpg\"><img loading=\"lazy\" decoding=\"async\" class=\"alignnone size-medium wp-image-3941\" alt=\"Puertas abiertas valpo\" src=\"https:\/\/www.upla.cl\/admision\/wp-content\/uploads\/2013\/10\/Puertas-abiertas-valpo-300x225.jpg\" width=\"300\" height=\"225\" srcset=\"https:\/\/www.upla.cl\/admision\/wp-content\/uploads\/2013\/10\/Puertas-abiertas-valpo-300x225.jpg 300w, https:\/\/www.upla.cl\/admision\/wp-content\/uploads\/2013\/10\/Puertas-abiertas-valpo-1024x768.jpg 1024w\" sizes=\"(max-width: 300px) 100vw, 300px\" \/><\/a> <a href=\"https:\/\/www.upla.cl\/admision\/wp-content\/uploads\/2013\/10\/stands-2.jpg\"><img loading=\"lazy\" decoding=\"async\" class=\"alignnone size-medium wp-image-3942\" alt=\"stands 2\" src=\"https:\/\/www.upla.cl\/admision\/wp-content\/uploads\/2013\/10\/stands-2-300x225.jpg\" width=\"300\" height=\"225\" srcset=\"https:\/\/www.upla.cl\/admision\/wp-content\/uploads\/2013\/10\/stands-2-300x225.jpg 300w, https:\/\/www.upla.cl\/admision\/wp-content\/uploads\/2013\/10\/stands-2-1024x768.jpg 1024w\" sizes=\"(max-width: 300px) 100vw, 300px\" \/><\/a> <a href=\"https:\/\/www.upla.cl\/admision\/wp-content\/uploads\/2013\/10\/stands.jpg\"><img loading=\"lazy\" decoding=\"async\" class=\"alignnone size-medium wp-image-3943\" alt=\"stands\" src=\"https:\/\/www.upla.cl\/admision\/wp-content\/uploads\/2013\/10\/stands-300x225.jpg\" width=\"300\" height=\"225\" srcset=\"https:\/\/www.upla.cl\/admision\/wp-content\/uploads\/2013\/10\/stands-300x225.jpg 300w, https:\/\/www.upla.cl\/admision\/wp-content\/uploads\/2013\/10\/stands-1024x768.jpg 1024w\" sizes=\"(max-width: 300px) 100vw, 300px\" \/><\/a><\/p>\n","protected":false},"excerpt":{"rendered":"<p>Con la participaci\u00f3n de m\u00e1s de mil asistentes se desarroll\u00f3 con \u00e9xito el \u201cPuertas Abiertas 2013\u201d organizado por la Universidad de Playa Ancha (UPLA) a trav\u00e9s de su Direcci\u00f3n de Selecci\u00f3n y Admisi\u00f3n de alumnos y la Direcci\u00f3n General de Vinculaci\u00f3n con el Medio. Una iniciativa que busc\u00f3 acercar la realidad universitaria a los j\u00f3venes [&hellip;]<\/p>\n","protected":false},"author":7,"featured_media":0,"comment_status":"closed","ping_status":"closed","sticky":false,"template":"","format":"standard","meta":{"_et_pb_use_builder":"","_et_pb_old_content":"","_et_gb_content_width":"","footnotes":""},"categories":[4,6,12],"tags":[],"class_list":["post-3933","post","type-post","status-publish","format-standard","hentry","category-imagenes","category-novedades","category-visitas"],"_links":{"self":[{"href":"https:\/\/www.upla.cl\/admision\/wp-json\/wp\/v2\/posts\/3933","targetHints":{"allow":["GET"]}}],"collection":[{"href":"https:\/\/www.upla.cl\/admision\/wp-json\/wp\/v2\/posts"}],"about":[{"href":"https:\/\/www.upla.cl\/admision\/wp-json\/wp\/v2\/types\/post"}],"author":[{"embeddable":true,"href":"https:\/\/www.upla.cl\/admision\/wp-json\/wp\/v2\/users\/7"}],"replies":[{"embeddable":true,"href":"https:\/\/www.upla.cl\/admision\/wp-json\/wp\/v2\/comments?post=3933"}],"version-history":[{"count":0,"href":"https:\/\/www.upla.cl\/admision\/wp-json\/wp\/v2\/posts\/3933\/revisions"}],"wp:attachment":[{"href":"https:\/\/www.upla.cl\/admision\/wp-json\/wp\/v2\/media?parent=3933"}],"wp:term":[{"taxonomy":"category","embeddable":true,"href":"https:\/\/www.upla.cl\/admision\/wp-json\/wp\/v2\/categories?post=3933"},{"taxonomy":"post_tag","embeddable":true,"href":"https:\/\/www.upla.cl\/admision\/wp-json\/wp\/v2\/tags?post=3933"}],"curies":[{"name":"wp","href":"https:\/\/api.w.org\/{rel}","templated":true}]}}