{"id":3922,"date":"2013-10-07T23:56:27","date_gmt":"2013-10-07T23:56:27","guid":{"rendered":"http:\/\/www.upla.cl\/admision\/?p=3922"},"modified":"2013-10-09T19:05:57","modified_gmt":"2013-10-09T19:05:57","slug":"upla-recibio-a-alumnos-del-liceo-san-isidro-de-la-cruz","status":"publish","type":"post","link":"https:\/\/www.upla.cl\/admision\/2013\/10\/07\/upla-recibio-a-alumnos-del-liceo-san-isidro-de-la-cruz\/","title":{"rendered":"UPLA recibi\u00f3 a alumnos del Liceo San Isidro de La Cruz"},"content":{"rendered":"<p>Un grupo conformado por 39 alumnos de tercer y cuarto a\u00f1o medio del Liceo San Isidro de La Cruz visit\u00f3 este lunes \u00a0las dependencias de la Universidad de Playa Ancha.<\/p>\n<p>En la oportunidad, el equipo de difusi\u00f3n de la Direcci\u00f3n de Selecci\u00f3n y Admisi\u00f3n de Alumnos los gui\u00f3 por un recorrido que incluy\u00f3 la Casa Central y el Edificio de Ciencias e Ingenier\u00eda, lugar en el que recibieron una charla respecto de las carreras que imparte la UPLA y otras tem\u00e1ticas relevantes relacionadas con el proceso de Selecci\u00f3n Universitaria 2014.<\/p>\n<p>Tras ello, \u00a0los estudiantes conocieron la biblioteca y participaron de un taller en el laboratorio de televisi\u00f3n, donde pudieron experimentar c\u00f3mo se graba un programa en estudio y cu\u00e1les son las funciones de cada uno de los que participa en este tipo de realizaci\u00f3n: por algunos minutos fueron directores de tv, camar\u00f3grafos, coordinadores de piso e incluso rostros de la pantalla chica.<\/p>\n<div class=\"et_pb_slider et_pb_slider_fullwidth_off et_pb_gallery_post_type\">\n\t\t\t\t<div class=\"et_pb_slides\">\n\t\t\t\t\t<div class=\"et_pb_slide\" style=\"background: url(https:\/\/www.upla.cl\/admision\/wp-content\/uploads\/2013\/10\/la-foto-1.jpg);\"><\/div><div class=\"et_pb_slide\" style=\"background: url(https:\/\/www.upla.cl\/admision\/wp-content\/uploads\/2013\/10\/la-foto-2.jpg);\"><\/div><div class=\"et_pb_slide\" style=\"background: url(https:\/\/www.upla.cl\/admision\/wp-content\/uploads\/2013\/10\/la-foto-3.jpg);\"><\/div><div class=\"et_pb_slide\" style=\"background: url(https:\/\/www.upla.cl\/admision\/wp-content\/uploads\/2013\/10\/la-foto-4.jpg);\"><\/div><div class=\"et_pb_slide\" style=\"background: url(https:\/\/www.upla.cl\/admision\/wp-content\/uploads\/2013\/10\/la-foto.jpg);\"><\/div>\n\t\t\t\t<\/div>\n\t\t\t<\/div>\n","protected":false},"excerpt":{"rendered":"<p>39 alumnos de tercer y cuarto medio visitaron las dependencias de la Universidad de Playa Ancha.<\/p>\n","protected":false},"author":7,"featured_media":0,"comment_status":"closed","ping_status":"closed","sticky":false,"template":"","format":"standard","meta":{"_et_pb_use_builder":"","_et_pb_old_content":"","_et_gb_content_width":"","footnotes":""},"categories":[4,5,6,12],"tags":[],"class_list":["post-3922","post","type-post","status-publish","format-standard","hentry","category-imagenes","category-informacion-carreras","category-novedades","category-visitas"],"_links":{"self":[{"href":"https:\/\/www.upla.cl\/admision\/wp-json\/wp\/v2\/posts\/3922","targetHints":{"allow":["GET"]}}],"collection":[{"href":"https:\/\/www.upla.cl\/admision\/wp-json\/wp\/v2\/posts"}],"about":[{"href":"https:\/\/www.upla.cl\/admision\/wp-json\/wp\/v2\/types\/post"}],"author":[{"embeddable":true,"href":"https:\/\/www.upla.cl\/admision\/wp-json\/wp\/v2\/users\/7"}],"replies":[{"embeddable":true,"href":"https:\/\/www.upla.cl\/admision\/wp-json\/wp\/v2\/comments?post=3922"}],"version-history":[{"count":0,"href":"https:\/\/www.upla.cl\/admision\/wp-json\/wp\/v2\/posts\/3922\/revisions"}],"wp:attachment":[{"href":"https:\/\/www.upla.cl\/admision\/wp-json\/wp\/v2\/media?parent=3922"}],"wp:term":[{"taxonomy":"category","embeddable":true,"href":"https:\/\/www.upla.cl\/admision\/wp-json\/wp\/v2\/categories?post=3922"},{"taxonomy":"post_tag","embeddable":true,"href":"https:\/\/www.upla.cl\/admision\/wp-json\/wp\/v2\/tags?post=3922"}],"curies":[{"name":"wp","href":"https:\/\/api.w.org\/{rel}","templated":true}]}}