{"id":3183,"date":"2013-08-27T18:00:46","date_gmt":"2013-08-27T18:00:46","guid":{"rendered":"http:\/\/www.upla.cl\/admision\/?p=3183"},"modified":"2013-09-06T18:03:25","modified_gmt":"2013-09-06T18:03:25","slug":"charla-de-la-carrera-de-nutricion-y-dietetica-en-el-preuniversitario-cepech-de-vina-del-mar","status":"publish","type":"post","link":"https:\/\/www.upla.cl\/admision\/2013\/08\/27\/charla-de-la-carrera-de-nutricion-y-dietetica-en-el-preuniversitario-cepech-de-vina-del-mar\/","title":{"rendered":"Charla de la carrera de Nutrici\u00f3n y Diet\u00e9tica en el Preuniversitario Cepech de Vi\u00f1a del Mar"},"content":{"rendered":"<div class=\"et_pb_slider et_pb_slider_fullwidth_off et_pb_gallery_post_type\">\n\t\t\t\t<div class=\"et_pb_slides\">\n\t\t\t\t\t<div class=\"et_pb_slide\" style=\"background: url(https:\/\/www.upla.cl\/admision\/wp-content\/uploads\/2013\/09\/27_08_13_charla_Nutricionydietetica_preuCepech_vi\u00f1a-2.jpg);\"><\/div><div class=\"et_pb_slide\" style=\"background: url(https:\/\/www.upla.cl\/admision\/wp-content\/uploads\/2013\/09\/27_08_13_charla_Nutricionydietetica_preuCepech_vi\u00f1a-3.jpg);\"><\/div><div class=\"et_pb_slide\" style=\"background: url(https:\/\/www.upla.cl\/admision\/wp-content\/uploads\/2013\/09\/27_08_13_charla_Nutricionydietetica_preuCepech_vi\u00f1a-4.jpg);\"><\/div><div class=\"et_pb_slide\" style=\"background: url(https:\/\/www.upla.cl\/admision\/wp-content\/uploads\/2013\/09\/27_08_13_charla_Nutricionydietetica_preuCepech_vi\u00f1a-5.jpg);\"><\/div><div class=\"et_pb_slide\" style=\"background: url(https:\/\/www.upla.cl\/admision\/wp-content\/uploads\/2013\/09\/27_08_13_charla_Nutricionydietetica_preuCepech_vi\u00f1a-6.jpg);\"><\/div><div class=\"et_pb_slide\" style=\"background: url(https:\/\/www.upla.cl\/admision\/wp-content\/uploads\/2013\/09\/27_08_13_charla_Nutricionydietetica_preuCepech_vi\u00f1a-7.jpg);\"><\/div>\n\t\t\t\t<\/div>\n\t\t\t<\/div>\n","protected":false},"excerpt":{"rendered":"<p>Realizada el 27 de agosto de 2013.<\/p>\n","protected":false},"author":7,"featured_media":3114,"comment_status":"closed","ping_status":"closed","sticky":false,"template":"","format":"standard","meta":{"_et_pb_use_builder":"","_et_pb_old_content":"","_et_gb_content_width":"","footnotes":""},"categories":[4,6,12],"tags":[],"class_list":["post-3183","post","type-post","status-publish","format-standard","has-post-thumbnail","hentry","category-imagenes","category-novedades","category-visitas"],"_links":{"self":[{"href":"https:\/\/www.upla.cl\/admision\/wp-json\/wp\/v2\/posts\/3183","targetHints":{"allow":["GET"]}}],"collection":[{"href":"https:\/\/www.upla.cl\/admision\/wp-json\/wp\/v2\/posts"}],"about":[{"href":"https:\/\/www.upla.cl\/admision\/wp-json\/wp\/v2\/types\/post"}],"author":[{"embeddable":true,"href":"https:\/\/www.upla.cl\/admision\/wp-json\/wp\/v2\/users\/7"}],"replies":[{"embeddable":true,"href":"https:\/\/www.upla.cl\/admision\/wp-json\/wp\/v2\/comments?post=3183"}],"version-history":[{"count":0,"href":"https:\/\/www.upla.cl\/admision\/wp-json\/wp\/v2\/posts\/3183\/revisions"}],"wp:featuredmedia":[{"embeddable":true,"href":"https:\/\/www.upla.cl\/admision\/wp-json\/wp\/v2\/media\/3114"}],"wp:attachment":[{"href":"https:\/\/www.upla.cl\/admision\/wp-json\/wp\/v2\/media?parent=3183"}],"wp:term":[{"taxonomy":"category","embeddable":true,"href":"https:\/\/www.upla.cl\/admision\/wp-json\/wp\/v2\/categories?post=3183"},{"taxonomy":"post_tag","embeddable":true,"href":"https:\/\/www.upla.cl\/admision\/wp-json\/wp\/v2\/tags?post=3183"}],"curies":[{"name":"wp","href":"https:\/\/api.w.org\/{rel}","templated":true}]}}