{"id":129573,"date":"2026-01-22T18:38:58","date_gmt":"2026-01-22T21:38:58","guid":{"rendered":"https:\/\/www.upla.cl\/admision\/?p=129573"},"modified":"2026-01-25T14:33:49","modified_gmt":"2026-01-25T17:33:49","slug":"proceso-de-matricula-2026-inicio-de-la-segunda-etapa","status":"publish","type":"post","link":"https:\/\/www.upla.cl\/admision\/2026\/01\/22\/proceso-de-matricula-2026-inicio-de-la-segunda-etapa\/","title":{"rendered":"Proceso de Matr\u00edcula 2026: Inicio de la segunda etapa"},"content":{"rendered":"<p>[et_pb_section fb_built=\u00bb1&#8243; _builder_version=\u00bb4.27.5&#8243; _module_preset=\u00bbdefault\u00bb background_image=\u00bbhttps:\/\/www.upla.cl\/admision\/wp-content\/uploads\/2025\/01\/20250130_admision_repostulaciones_grafica-scaled.jpg\u00bb custom_padding=\u00bb10%||10%||true|false\u00bb global_colors_info=\u00bb{}\u00bb][et_pb_row column_structure=\u00bb1_2,1_2&#8243; _builder_version=\u00bb4.27.5&#8243; _module_preset=\u00bbdefault\u00bb global_colors_info=\u00bb{}\u00bb][et_pb_column type=\u00bb1_2&#8243; _builder_version=\u00bb4.27.5&#8243; _module_preset=\u00bbdefault\u00bb global_colors_info=\u00bb{}\u00bb][et_pb_text _builder_version=\u00bb4.27.5&#8243; _module_preset=\u00bbdefault\u00bb text_font=\u00bb|||on|||||\u00bb text_text_color=\u00bb#FFFFFF\u00bb header_font=\u00bb|800||on|||||\u00bb header_text_color=\u00bb#ffffff\u00bb header_font_size=\u00bb40px\u00bb header_letter_spacing=\u00bb1px\u00bb header_line_height=\u00bb1.2em\u00bb header_text_shadow_style=\u00bbpreset1&#8243; global_colors_info=\u00bb{}\u00bb]<\/p>\n<h1>Proceso de Matr\u00edcula 2026: Inicio de la segunda etapa<\/h1>\n<p>&nbsp;<\/p>\n<p>[\/et_pb_text][et_pb_text _builder_version=\u00bb4.27.5&#8243; _module_preset=\u00bbdefault\u00bb text_text_color=\u00bb#FFFFFF\u00bb text_font_size=\u00bb18px\u00bb text_line_height=\u00bb1.1em\u00bb global_colors_info=\u00bb{}\u00bb]<\/p>\n<p>La Direcci\u00f3n de Selecci\u00f3n y Admisi\u00f3n de la Universidad de Playa Ancha da a conocer la n\u00f3mina de carreras y sus rangos para la lista de espera correspondientes a la segunda etapa del proceso de matr\u00edcula 2026.<\/p>\n<p>[\/et_pb_text][\/et_pb_column][et_pb_column type=\u00bb1_2&#8243; _builder_version=\u00bb4.27.5&#8243; _module_preset=\u00bbdefault\u00bb global_colors_info=\u00bb{}\u00bb][\/et_pb_column][\/et_pb_row][\/et_pb_section][et_pb_section fb_built=\u00bb1&#8243; _builder_version=\u00bb4.16&#8243; custom_margin=\u00bb17px|||||\u00bb global_colors_info=\u00bb{}\u00bb][et_pb_row column_structure=\u00bb2_3,1_3&#8243; _builder_version=\u00bb4.27.4&#8243; _module_preset=\u00bbdefault\u00bb global_colors_info=\u00bb{}\u00bb][et_pb_column type=\u00bb2_3&#8243; _builder_version=\u00bb4.27.4&#8243; _module_preset=\u00bbdefault\u00bb global_colors_info=\u00bb{}\u00bb][et_pb_text _builder_version=\u00bb4.27.4&#8243; _module_preset=\u00bbdefault\u00bb text_text_color=\u00bb#0C71C3&#8243; header_text_color=\u00bb#009bdb\u00bb global_colors_info=\u00bb{}\u00bb]<\/p>\n<h1><strong>Sobre Lista de Espera<\/strong><\/h1>\n<p>[\/et_pb_text][et_pb_text _builder_version=\u00bb4.27.5&#8243; _module_preset=\u00bbdefault\u00bb text_text_color=\u00bbrgba(0,0,0,0.71)\u00bb header_text_color=\u00bb#0C71C3&#8243; header_4_font=\u00bb||||||||\u00bb header_4_text_color=\u00bbrgba(0,0,0,0.69)\u00bb global_colors_info=\u00bb{}\u00bb]<\/p>\n<p>Una vez finalizado el <strong>Proceso de Matr\u00edcula<\/strong> para las y los estudiantes seleccionados, se llevar\u00e1 a efecto la <strong>segunda etapa de matr\u00edcula<\/strong>, la que se llevar\u00e1 a efecto a partir de las 8.00 del viernes 23 de enero y hasta las 17.00 horas del domingo 25 de enero, correspondiente a las y los postulantes de la <strong>\u201cLista de Espera\u201d,<\/strong><span> ubicadas y ubicados entre los n\u00fameros que se indican en la tabla que aparece a continuaci\u00f3n.<\/span><\/p>\n<p>[\/et_pb_text][et_pb_text disabled_on=\u00bboff|off|off\u00bb _builder_version=\u00bb4.27.5&#8243; _module_preset=\u00bbdefault\u00bb header_2_font=\u00bb|600|||||||\u00bb header_2_text_color=\u00bb#009bdb\u00bb global_colors_info=\u00bb{}\u00bb]<\/p>\n<p><google-sheets-html-origin><\/p>\n<style type=\"text\/css\"><!--td {border: 1px solid #cccccc;}br {mso-data-placement:same-cell;}--><\/style>\n<table xmlns=\"http:\/\/www.w3.org\/1999\/xhtml\" dir=\"ltr\" data-sheets-root=\"1\" data-sheets-baot=\"1\" style=\"width: 100%; height: 222px;\">\n<colgroup>\n<col width=\"268\" \/>\n<col width=\"74\" \/>\n<col width=\"74\" \/><\/colgroup>\n<tbody>\n<tr style=\"height: 24px;\">\n<td style=\"height: 24px; width: 266px;\"><strong>Carrera<\/strong><\/td>\n<td style=\"height: 24px; width: 72px;\"><strong>Desde<\/strong><\/td>\n<td style=\"height: 24px; width: 72px;\"><strong>Hasta<\/strong><\/td>\n<\/tr>\n<tr style=\"height: 24px;\">\n<td style=\"height: 24px; width: 266px;\">(26082) <strong>Periodismo<\/strong><\/td>\n<td style=\"height: 24px; width: 72px;\">33<\/td>\n<td style=\"height: 24px; width: 72px;\">37<\/td>\n<\/tr>\n<tr style=\"height: 24px;\">\n<td style=\"height: 24px; width: 266px;\">(26084) <strong>Psicolog\u00eda<\/strong><\/td>\n<td style=\"height: 24px; width: 72px;\">91<\/td>\n<td style=\"height: 24px; width: 72px;\">110<\/td>\n<\/tr>\n<tr style=\"height: 24px;\">\n<td style=\"height: 24px; width: 266px;\">(26092) <strong>Enfermer\u00eda<\/strong><\/td>\n<td style=\"height: 24px; width: 72px;\">36<\/td>\n<td style=\"height: 24px; width: 72px;\">38<\/td>\n<\/tr>\n<tr style=\"height: 24px;\">\n<td style=\"height: 24px; width: 266px;\">(26093) <strong>Terapia Ocupacional<\/strong><\/td>\n<td style=\"height: 24px; width: 72px;\">61<\/td>\n<td style=\"height: 24px; width: 72px;\">72<\/td>\n<\/tr>\n<tr style=\"height: 24px;\">\n<td style=\"height: 24px; width: 266px;\">(26094) <strong>Kinesiolog\u00eda<\/strong><\/td>\n<td style=\"height: 24px; width: 72px;\">63<\/td>\n<td style=\"height: 24px; width: 72px;\">70<\/td>\n<\/tr>\n<tr style=\"height: 10px;\">\n<td style=\"height: 10px; width: 266px;\">(26095) <strong>Tecnolog\u00eda en Deportes y Recreaci\u00f3n<\/strong><\/td>\n<td style=\"height: 10px; width: 72px;\">31<\/td>\n<td style=\"height: 10px; width: 72px;\">33<\/td>\n<\/tr>\n<tr style=\"height: 24px;\">\n<td style=\"height: 24px; width: 266px;\">(63002) <strong>Ingenier\u00eda Comercial<\/strong><\/td>\n<td style=\"height: 24px; width: 72px;\">28<\/td>\n<td style=\"height: 24px; width: 72px;\">28<\/td>\n<\/tr>\n<tr style=\"height: 24px;\">\n<td style=\"height: 24px; width: 266px;\">(63003) <strong>Derecho<\/strong><\/td>\n<td style=\"height: 24px; width: 72px;\">76<\/td>\n<td style=\"height: 24px; width: 72px;\">93<\/td>\n<\/tr>\n<tr style=\"height: 10px;\">\n<td style=\"height: 10px; width: 266px;\">(63005) <strong>Pedagog\u00eda en Artes Visuales<\/strong><\/td>\n<td style=\"height: 10px; width: 72px;\">23<\/td>\n<td style=\"height: 10px; width: 72px;\">23<\/td>\n<\/tr>\n<tr style=\"height: 10px;\">\n<td style=\"height: 10px; width: 266px;\">(63006) <strong>Pedagog\u00eda en Educaci\u00f3n F\u00edsica<\/strong><\/td>\n<td style=\"height: 10px; width: 72px;\">61<\/td>\n<td style=\"height: 10px; width: 72px;\">70<\/td>\n<\/tr>\n<\/tbody>\n<\/table>\n<p><\/google-sheets-html-origin><\/p>\n<p>[\/et_pb_text][\/et_pb_column][et_pb_column type=\u00bb1_3&#8243; _builder_version=\u00bb4.27.4&#8243; _module_preset=\u00bbdefault\u00bb global_colors_info=\u00bb{}\u00bb][et_pb_blurb title=\u00bbInstructivo de Matr\u00edcula 2026&#8243; url=\u00bbhttps:\/\/www.upla.cl\/admision\/2026\/01\/09\/atencion-nuevo-estudiante-upla-compartimos-aqui-el-instructivo-de-matricula-2026\/\u00bb url_new_window=\u00bbon\u00bb icon_placement=\u00bbleft\u00bb image_icon_width=\u00bb60px\u00bb disabled_on=\u00bboff|off|off\u00bb admin_label=\u00bbInstructivo de matr\u00edcula 2026&#8243; _builder_version=\u00bb4.27.5&#8243; _module_preset=\u00bbdefault\u00bb header_font=\u00bb|800|||||||\u00bb header_text_color=\u00bb#FFFFFF\u00bb header_font_size=\u00bb30px\u00bb body_text_color=\u00bb#FFFFFF\u00bb body_font_size=\u00bb18px\u00bb background_color=\u00bb#0C71C3&#8243; width=\u00bb100%\u00bb custom_padding=\u00bb30px|30px|30px|30px|true|true\u00bb link_option_url=\u00bbhttps:\/\/www.upla.cl\/admision\/2026\/01\/09\/atencion-nuevo-estudiante-upla-compartimos-aqui-el-instructivo-de-matricula-2026\/\u00bb link_option_url_new_window=\u00bbon\u00bb border_radii=\u00bboff|50px||50px|\u00bb global_colors_info=\u00bb{}\u00bb background__hover_enabled=\u00bbon|hover\u00bb background_color__hover=\u00bb#030575&#8243; background_enable_color__hover=\u00bbon\u00bb transform_styles__hover_enabled=\u00bbon|desktop\u00bb transform_scale__hover_enabled=\u00bbon|desktop\u00bb transform_translate__hover_enabled=\u00bbon|hover\u00bb transform_rotate__hover_enabled=\u00bbon|hover\u00bb transform_skew__hover_enabled=\u00bbon|hover\u00bb transform_origin__hover_enabled=\u00bbon|hover\u00bb transform_scale__hover=\u00bb95%|95%\u00bb]<\/p>\n<p>Se acceder\u00e1 a una pesta\u00f1a\/ventana nueva.<\/p>\n<p>[\/et_pb_blurb][et_pb_blurb title=\u00bbPortal de Matr\u00edcula para estudiantes de primer a\u00f1o 2026&#8243; url=\u00bbhttps:\/\/app.upla.cl\/Portal_Matriculas_Admision\/\u00bb url_new_window=\u00bbon\u00bb icon_placement=\u00bbleft\u00bb image_icon_width=\u00bb60px\u00bb disabled_on=\u00bboff|off|off\u00bb admin_label=\u00bbInstructivo de matr\u00edcula 2026&#8243; _builder_version=\u00bb4.27.5&#8243; _module_preset=\u00bbdefault\u00bb header_font=\u00bb|800|||||||\u00bb header_text_color=\u00bb#FFFFFF\u00bb header_font_size=\u00bb30px\u00bb body_text_color=\u00bb#FFFFFF\u00bb body_font_size=\u00bb18px\u00bb background_color=\u00bb#565657&#8243; width=\u00bb100%\u00bb custom_padding=\u00bb30px|30px|30px|30px|true|true\u00bb link_option_url=\u00bbhttps:\/\/app.upla.cl\/Portal_Matriculas_Admision\/\u00bb link_option_url_new_window=\u00bbon\u00bb border_radii=\u00bboff|50px||50px|\u00bb global_colors_info=\u00bb{}\u00bb background__hover_enabled=\u00bbon|hover\u00bb background_color__hover=\u00bb#030575&#8243; background_enable_color__hover=\u00bbon\u00bb transform_styles__hover_enabled=\u00bbon|desktop\u00bb transform_scale__hover_enabled=\u00bbon|desktop\u00bb transform_translate__hover_enabled=\u00bbon|hover\u00bb transform_rotate__hover_enabled=\u00bbon|hover\u00bb transform_skew__hover_enabled=\u00bbon|hover\u00bb transform_origin__hover_enabled=\u00bbon|hover\u00bb transform_scale__hover=\u00bb95%|95%\u00bb]<\/p>\n<p>Se acceder\u00e1 a una pesta\u00f1a\/ventana nueva.<\/p>\n<p>[\/et_pb_blurb][\/et_pb_column][\/et_pb_row][et_pb_row _builder_version=\u00bb4.27.4&#8243; _module_preset=\u00bbdefault\u00bb global_colors_info=\u00bb{}\u00bb][et_pb_column type=\u00bb4_4&#8243; _builder_version=\u00bb4.27.4&#8243; _module_preset=\u00bbdefault\u00bb global_colors_info=\u00bb{}\u00bb][et_pb_text _builder_version=\u00bb4.27.5&#8243; text_text_color=\u00bbrgba(0,0,0,0.69)\u00bb text_line_height=\u00bb1.1em\u00bb header_3_text_color=\u00bb#009bdb\u00bb custom_margin=\u00bb||||false|false\u00bb custom_padding=\u00bb4.8%|10%|4.8%|10%|true|true\u00bb hover_enabled=\u00bb0&#8243; box_shadow_style=\u00bbpreset2&#8243; global_colors_info=\u00bb{}\u00bb sticky_enabled=\u00bb0&#8243;]<\/p>\n<h3><b>Dudas o consultas<\/b><\/h3>\n<p><b>Cabe destacar que la matr\u00edcula es en l\u00ednea (virtual).<\/b><\/p>\n<p>En caso de necesitar asistencia durante el proceso de matr\u00edcula para ingreso a primer a\u00f1o, puedes comunicarte de 9:00 a 17:00 horas, entre el 20 y el 29 de enero, a los siguientes n\u00fameros:<\/p>\n<p>+56 9 9437 2932 \/ +56 9 6142 1856 \/ +56 9 5372 7905<\/p>\n<p>O en caso de requerirlo, puedes asistir a nuestras sedes:<\/p>\n<p>En Valpara\u00edso, puedes acercarte a la Biblioteca Central en Av. Guillermo Gonz\u00e1lez de Hontaneda 855, Playa Ancha, Valpara\u00edso.<\/p>\n<p>En San Felipe, tambi\u00e9n puedes acercarte a Benigno Caldera 351, San Felipe.[\/et_pb_text][\/et_pb_column][\/et_pb_row][\/et_pb_section]<\/p>\n","protected":false},"excerpt":{"rendered":"<p>La Direcci\u00f3n de Selecci\u00f3n y Admisi\u00f3n de la Universidad de Playa Ancha da a conocer la n\u00f3mina de carreras y sus rangos para la lista de espera correspondientes a la segunda etapa del proceso de matr\u00edcula 2026. Esta matr\u00edcula se inicia el viernes 23 de enero desde las 8.00 horas y se extender\u00e1 hasta el domingo 25 de enero a las 17.00 horas.<\/p>\n","protected":false},"author":7,"featured_media":129352,"comment_status":"closed","ping_status":"closed","sticky":false,"template":"","format":"standard","meta":{"_et_pb_use_builder":"on","_et_pb_old_content":"","_et_gb_content_width":"","footnotes":""},"categories":[3,6],"tags":[],"class_list":["post-129573","post","type-post","status-publish","format-standard","has-post-thumbnail","hentry","category-fechas","category-novedades"],"_links":{"self":[{"href":"https:\/\/www.upla.cl\/admision\/wp-json\/wp\/v2\/posts\/129573","targetHints":{"allow":["GET"]}}],"collection":[{"href":"https:\/\/www.upla.cl\/admision\/wp-json\/wp\/v2\/posts"}],"about":[{"href":"https:\/\/www.upla.cl\/admision\/wp-json\/wp\/v2\/types\/post"}],"author":[{"embeddable":true,"href":"https:\/\/www.upla.cl\/admision\/wp-json\/wp\/v2\/users\/7"}],"replies":[{"embeddable":true,"href":"https:\/\/www.upla.cl\/admision\/wp-json\/wp\/v2\/comments?post=129573"}],"version-history":[{"count":6,"href":"https:\/\/www.upla.cl\/admision\/wp-json\/wp\/v2\/posts\/129573\/revisions"}],"predecessor-version":[{"id":129633,"href":"https:\/\/www.upla.cl\/admision\/wp-json\/wp\/v2\/posts\/129573\/revisions\/129633"}],"wp:featuredmedia":[{"embeddable":true,"href":"https:\/\/www.upla.cl\/admision\/wp-json\/wp\/v2\/media\/129352"}],"wp:attachment":[{"href":"https:\/\/www.upla.cl\/admision\/wp-json\/wp\/v2\/media?parent=129573"}],"wp:term":[{"taxonomy":"category","embeddable":true,"href":"https:\/\/www.upla.cl\/admision\/wp-json\/wp\/v2\/categories?post=129573"},{"taxonomy":"post_tag","embeddable":true,"href":"https:\/\/www.upla.cl\/admision\/wp-json\/wp\/v2\/tags?post=129573"}],"curies":[{"name":"wp","href":"https:\/\/api.w.org\/{rel}","templated":true}]}}