{"id":129489,"date":"2026-01-09T17:11:51","date_gmt":"2026-01-09T20:11:51","guid":{"rendered":"https:\/\/www.upla.cl\/admision\/?p=129489"},"modified":"2026-01-26T11:03:11","modified_gmt":"2026-01-26T14:03:11","slug":"atencion-nuevo-estudiante-upla-compartimos-aqui-el-instructivo-de-matricula-2026","status":"publish","type":"post","link":"https:\/\/www.upla.cl\/admision\/2026\/01\/09\/atencion-nuevo-estudiante-upla-compartimos-aqui-el-instructivo-de-matricula-2026\/","title":{"rendered":"Atenci\u00f3n nuevo estudiante UPLA: Compartimos aqu\u00ed el instructivo de matr\u00edcula 2026"},"content":{"rendered":"<p>[et_pb_section fb_built=\u00bb1&#8243; admin_label=\u00bbBanner carrera con info instant\u00e1nea\u00bb _builder_version=\u00bb4.27.5&#8243; background_image=\u00bbhttps:\/\/www.upla.cl\/admision\/wp-content\/uploads\/2026\/01\/20260109_admision_fondoparamatriculas_lv.jpg\u00bb custom_margin=\u00bb|||\u00bb custom_padding=\u00bb2.5%||10.3%|||\u00bb global_colors_info=\u00bb{}\u00bb][et_pb_row column_structure=\u00bb1_2,1_2&#8243; _builder_version=\u00bb4.19.3&#8243; _module_preset=\u00bbdefault\u00bb global_colors_info=\u00bb{}\u00bb][et_pb_column type=\u00bb1_2&#8243; _builder_version=\u00bb4.19.3&#8243; _module_preset=\u00bbdefault\u00bb global_colors_info=\u00bb{}\u00bb][et_pb_cta title=\u00bbAtenci\u00f3n nuevo estudiante UPLA: Compartimos aqu\u00ed el instructivo de matr\u00edcula 2026&#8243; url_new_window=\u00bbon\u00bb _builder_version=\u00bb4.27.5&#8243; header_level=\u00bbh1&#8243; header_font=\u00bbLato|900||on|||||\u00bb header_font_size=\u00bb40px\u00bb header_letter_spacing=\u00bb1px\u00bb header_line_height=\u00bb1.2em\u00bb body_font=\u00bbLato||||||||\u00bb body_font_size=\u00bb18px\u00bb body_line_height=\u00bb1.5em\u00bb body_link_text_color=\u00bb#FFFFFF\u00bb use_background_color=\u00bboff\u00bb custom_button=\u00bbon\u00bb button_text_color=\u00bb#ffffff\u00bb button_bg_color=\u00bb#009bdb\u00bb button_border_width=\u00bb0px\u00bb text_orientation=\u00bbleft\u00bb max_width=\u00bb750px\u00bb module_alignment=\u00bbleft\u00bb custom_margin=\u00bb61px|||||\u00bb custom_padding=\u00bb0px|||||\u00bb animation_style=\u00bbfold\u00bb animation_intensity_fold=\u00bb16%\u00bb header_font_size_tablet=\u00bb46px\u00bb header_font_size_phone=\u00bb\u00bb header_font_size_last_edited=\u00bbon|tablet\u00bb header_text_shadow_style=\u00bbpreset1&#8243; header_text_shadow_color=\u00bbrgba(0,0,0,0.6)\u00bb body_text_shadow_style=\u00bbpreset1&#8243; text_shadow_style=\u00bbpreset3&#8243; button_letter_spacing_hover=\u00bb2px\u00bb global_colors_info=\u00bb%91%93&#8243; button_text_size__hover_enabled=\u00bboff\u00bb button_one_text_size__hover_enabled=\u00bboff\u00bb button_two_text_size__hover_enabled=\u00bboff\u00bb button_text_color__hover_enabled=\u00bboff\u00bb button_one_text_color__hover_enabled=\u00bboff\u00bb button_two_text_color__hover_enabled=\u00bboff\u00bb button_border_width__hover_enabled=\u00bboff\u00bb button_one_border_width__hover_enabled=\u00bboff\u00bb button_two_border_width__hover_enabled=\u00bboff\u00bb button_border_color__hover_enabled=\u00bboff\u00bb button_one_border_color__hover_enabled=\u00bboff\u00bb button_two_border_color__hover_enabled=\u00bboff\u00bb button_border_radius__hover_enabled=\u00bboff\u00bb button_one_border_radius__hover_enabled=\u00bboff\u00bb button_two_border_radius__hover_enabled=\u00bboff\u00bb button_letter_spacing__hover_enabled=\u00bbon|hover\u00bb button_letter_spacing__hover=\u00bb0px\u00bb button_one_letter_spacing__hover_enabled=\u00bboff\u00bb button_two_letter_spacing__hover_enabled=\u00bboff\u00bb button_bg_color__hover_enabled=\u00bboff\u00bb button_one_bg_color__hover_enabled=\u00bboff\u00bb button_two_bg_color__hover_enabled=\u00bboff\u00bb]<\/p>\n<p><strong>Resultados del proceso de selecci\u00f3n:<\/strong><\/p>\n<ul>\n<li><strong>Fecha de publicaci\u00f3n:<\/strong> lunes 19 de enero de 2026 a las 12.00 horas. Ingresa al <strong><a href=\"https:\/\/resultadospostulacion.demre.cl\" target=\"_blank\" rel=\"noopener\" title=\"Ver resultados de postulaciones 2026\">portal DEMRE<\/a><\/strong> para revisar los resultados de postulaciones<\/li>\n<li><strong>\u00bfD\u00f3nde consultar?<\/strong> En el sitio web del Sistema de Acceso y en nuestro sitio web oficial: upla.cl.<\/li>\n<\/ul>\n<p>[\/et_pb_cta][et_pb_cta url_new_window=\u00bbon\u00bb _builder_version=\u00bb4.27.5&#8243; header_level=\u00bbh1&#8243; header_font=\u00bbLato||||||||\u00bb header_font_size=\u00bb40px\u00bb header_letter_spacing=\u00bb1px\u00bb header_line_height=\u00bb1.2em\u00bb body_font=\u00bbLato|700|||||||\u00bb body_font_size=\u00bb18px\u00bb body_line_height=\u00bb1.5em\u00bb use_background_color=\u00bboff\u00bb custom_button=\u00bbon\u00bb button_text_color=\u00bb#ffffff\u00bb button_bg_color=\u00bb#009bdb\u00bb button_border_width=\u00bb0px\u00bb text_orientation=\u00bbleft\u00bb max_width=\u00bb750px\u00bb module_alignment=\u00bbleft\u00bb custom_margin=\u00bb-43px||||false|false\u00bb custom_padding=\u00bb0px|||||\u00bb animation_style=\u00bbfold\u00bb animation_intensity_fold=\u00bb16%\u00bb header_font_size_tablet=\u00bb46px\u00bb header_font_size_phone=\u00bb\u00bb header_font_size_last_edited=\u00bbon|tablet\u00bb header_text_shadow_style=\u00bbpreset1&#8243; header_text_shadow_color=\u00bbrgba(0,0,0,0.6)\u00bb body_text_shadow_style=\u00bbpreset1&#8243; text_shadow_style=\u00bbpreset4&#8243; button_letter_spacing_hover=\u00bb2px\u00bb global_colors_info=\u00bb%91%93&#8243; button_text_size__hover_enabled=\u00bboff\u00bb button_one_text_size__hover_enabled=\u00bboff\u00bb button_two_text_size__hover_enabled=\u00bboff\u00bb button_text_color__hover_enabled=\u00bboff\u00bb button_one_text_color__hover_enabled=\u00bboff\u00bb button_two_text_color__hover_enabled=\u00bboff\u00bb button_border_width__hover_enabled=\u00bboff\u00bb button_one_border_width__hover_enabled=\u00bboff\u00bb button_two_border_width__hover_enabled=\u00bboff\u00bb button_border_color__hover_enabled=\u00bboff\u00bb button_one_border_color__hover_enabled=\u00bboff\u00bb button_two_border_color__hover_enabled=\u00bboff\u00bb button_border_radius__hover_enabled=\u00bboff\u00bb button_one_border_radius__hover_enabled=\u00bboff\u00bb button_two_border_radius__hover_enabled=\u00bboff\u00bb button_letter_spacing__hover_enabled=\u00bbon|hover\u00bb button_letter_spacing__hover=\u00bb0px\u00bb button_one_letter_spacing__hover_enabled=\u00bboff\u00bb button_two_letter_spacing__hover_enabled=\u00bboff\u00bb button_bg_color__hover_enabled=\u00bboff\u00bb button_one_bg_color__hover_enabled=\u00bboff\u00bb button_two_bg_color__hover_enabled=\u00bboff\u00bb][\/et_pb_cta][\/et_pb_column][et_pb_column type=\u00bb1_2&#8243; _builder_version=\u00bb4.19.3&#8243; _module_preset=\u00bbdefault\u00bb global_colors_info=\u00bb{}\u00bb][\/et_pb_column][\/et_pb_row][\/et_pb_section][et_pb_section fb_built=\u00bb1&#8243; admin_label=\u00bbPerfil y bienvenida\u00bb _builder_version=\u00bb4.22.1&#8243; _module_preset=\u00bbdefault\u00bb custom_margin=\u00bb||0px||false|false\u00bb custom_padding=\u00bb54px|0px|50px|0px|false|false\u00bb global_colors_info=\u00bb{}\u00bb][et_pb_row use_custom_gutter=\u00bbon\u00bb _builder_version=\u00bb4.27.4&#8243; _module_preset=\u00bbdefault\u00bb background_color=\u00bb#FFFFFF\u00bb max_width=\u00bb2560px\u00bb custom_margin=\u00bb-10%||12px||false|false\u00bb custom_margin_tablet=\u00bb-10%||12px||false|false\u00bb custom_margin_phone=\u00bb-20%||||false|false\u00bb custom_margin_last_edited=\u00bbon|desktop\u00bb custom_padding=\u00bb20px|0px|50px|0px|false|false\u00bb animation_style=\u00bbslide\u00bb border_radii=\u00bbon|15px|15px|15px|15px\u00bb border_width_top=\u00bb18px\u00bb border_color_top=\u00bb#009bdb\u00bb border_style_top=\u00bboutset\u00bb box_shadow_style=\u00bbpreset3&#8243; box_shadow_vertical=\u00bb39px\u00bb box_shadow_blur=\u00bb80px\u00bb global_colors_info=\u00bb{}\u00bb][et_pb_column type=\u00bb4_4&#8243; _builder_version=\u00bb4.22.1&#8243; _module_preset=\u00bbdefault\u00bb global_colors_info=\u00bb{}\u00bb][et_pb_text _builder_version=\u00bb4.27.5&#8243; _module_preset=\u00bbdefault\u00bb text_font=\u00bb|800|||||||\u00bb text_text_color=\u00bb#004562&#8243; text_font_size=\u00bb25px\u00bb text_line_height=\u00bb1.6em\u00bb header_2_font=\u00bb|700|||||||\u00bb header_2_text_align=\u00bbleft\u00bb header_2_text_color=\u00bb#009fe3&#8243; header_2_font_size=\u00bb32px\u00bb text_orientation=\u00bbcenter\u00bb custom_margin=\u00bb|5%||5%|false|true\u00bb custom_padding=\u00bb50px||20px||false|false\u00bb global_colors_info=\u00bb{}\u00bb]<\/p>\n<h2 style=\"text-align: center;\"><strong>Bienvenido y bienvenida<\/strong><\/h2>\n<p>[\/et_pb_text][et_pb_text _builder_version=\u00bb4.27.5&#8243; _module_preset=\u00bbdefault\u00bb text_text_color=\u00bb#565656&#8243; header_2_font=\u00bb||||||||\u00bb header_2_text_color=\u00bb#565656&#8243; header_2_line_height=\u00bb1.6em\u00bb header_3_line_height=\u00bb1.5em\u00bb custom_margin=\u00bb|5%||5%|false|true\u00bb global_colors_info=\u00bb{}\u00bb]<\/p>\n<h2>Junto con brindarte una afectuosa bienvenida, la Universidad de Playa Ancha (UPLA) pone a su disposici\u00f3n el paso a paso el proceso de matr\u00edcula para formalizar tu ingreso a nuestra casa de estudios.<\/h2>\n<p>[\/et_pb_text][\/et_pb_column][\/et_pb_row][\/et_pb_section][et_pb_section fb_built=\u00bb1&#8243; admin_label=\u00bbFechas importantes\u00bb _builder_version=\u00bb4.22.1&#8243; _module_preset=\u00bbdefault\u00bb background_color=\u00bb#f4f4f4&#8243; custom_margin=\u00bb||0px||false|false\u00bb custom_padding=\u00bb50px|0px|50px|0px|false|false\u00bb collapsed=\u00bboff\u00bb global_colors_info=\u00bb{}\u00bb][et_pb_row _builder_version=\u00bb4.27.5&#8243; _module_preset=\u00bbdefault\u00bb global_colors_info=\u00bb{}\u00bb][et_pb_column type=\u00bb4_4&#8243; _builder_version=\u00bb4.22.1&#8243; _module_preset=\u00bbdefault\u00bb global_colors_info=\u00bb{}\u00bb][et_pb_text _builder_version=\u00bb4.27.5&#8243; _module_preset=\u00bbdefault\u00bb text_font=\u00bb||||||||\u00bb text_text_color=\u00bb#565656&#8243; header_2_font=\u00bb|700|||||||\u00bb header_2_text_align=\u00bbleft\u00bb header_2_text_color=\u00bb#565656&#8243; header_2_font_size=\u00bb32px\u00bb text_orientation=\u00bbcenter\u00bb custom_padding=\u00bb20px||20px|30px|false|false\u00bb global_colors_info=\u00bb{}\u00bb]<\/p>\n<h2 style=\"text-align: left;\">Calendario de Matr\u00edcula 2026<\/h2>\n<p style=\"text-align: left;\">Realiza tu matr\u00edcula 100% en l\u00ednea ingresando al portal de matr\u00edculas de nuestro sitio web con las siguientes credenciales:<\/p>\n<ul>\n<li style=\"text-align: left;\"><strong>Repostulaci\u00f3n, admisi\u00f3n especial o proped\u00e9uticos:<\/strong> RUN + tu fecha de nacimiento.<strong><\/strong><\/li>\n<li style=\"text-align: left;\"><strong>Postulaci\u00f3n PAES:<\/strong> RUN + clave tu Demre.<\/li>\n<\/ul>\n<p>[\/et_pb_text][\/et_pb_column][\/et_pb_row][et_pb_row use_custom_gutter=\u00bbon\u00bb gutter_width=\u00bb1.2&#8243; _builder_version=\u00bb4.22.2&#8243; _module_preset=\u00bbdefault\u00bb background_color=\u00bbRGBA(255,255,255,0)\u00bb max_width=\u00bb2560px\u00bb min_height=\u00bb360px\u00bb custom_margin=\u00bb0%|auto|10px|auto|false|true\u00bb custom_padding=\u00bb19px|0px|3px|0px|false|false\u00bb animation_style=\u00bbslide\u00bb animation_direction=\u00bbbottom\u00bb animation_intensity_slide=\u00bb6%\u00bb animation_starting_opacity=\u00bb100%\u00bb animation_starting_opacity_tablet=\u00bb100%\u00bb animation_starting_opacity_phone=\u00bb100%\u00bb animation_starting_opacity_last_edited=\u00bbon|desktop\u00bb border_color_all=\u00bb#0C71C3&#8243; border_style_all=\u00bboutset\u00bb border_color_top=\u00bbRGBA(255,255,255,0)\u00bb border_style_top=\u00bboutset\u00bb border_color_bottom=\u00bbRGBA(255,255,255,0)\u00bb global_colors_info=\u00bb{}\u00bb][et_pb_column type=\u00bb4_4&#8243; _builder_version=\u00bb4.22.1&#8243; _module_preset=\u00bbdefault\u00bb global_colors_info=\u00bb{}\u00bb][et_pb_accordion open_toggle_text_color=\u00bb#000000&#8243; open_toggle_background_color=\u00bb#FFFFFF\u00bb closed_toggle_background_color=\u00bb#FFFFFF\u00bb _builder_version=\u00bb4.27.5&#8243; _module_preset=\u00bbdefault\u00bb toggle_text_color=\u00bb#000000&#8243; toggle_level=\u00bbh2&#8243; toggle_font=\u00bb|600|||||||\u00bb toggle_font_size=\u00bb25px\u00bb closed_toggle_font_size=\u00bb22px\u00bb body_text_color=\u00bb#565656&#8243; body_line_height=\u00bb1.6em\u00bb border_radii=\u00bbon|15px|15px|15px|15px\u00bb border_color_all=\u00bb#009bdb\u00bb border_style_all=\u00bboutset\u00bb global_colors_info=\u00bb{}\u00bb][et_pb_accordion_item title=\u00bbPrimer Per\u00edodo de Matr\u00edcula: Postulantes Seleccionados o Seleccionadas\u00bb open=\u00bbon\u00bb open_toggle_text_color=\u00bb#009bdb\u00bb closed_toggle_text_color=\u00bb#565656&#8243; _builder_version=\u00bb4.27.5&#8243; _module_preset=\u00bbdefault\u00bb global_colors_info=\u00bb{}\u00bb toggle_level=\u00bbh3&#8243; toggle_font=\u00bb||||||||\u00bb toggle_font_size=\u00bb22px\u00bb closed_toggle_font_size=\u00bb22px\u00bb]<\/p>\n<ul>\n<li><strong>Inicio:<\/strong> martes 20 de enero, 8.00 horas.<\/li>\n<li><strong>T\u00e9rmino:<\/strong> jueves 22 de enero, 17.00 horas.<\/li>\n<\/ul>\n<p>[\/et_pb_accordion_item][et_pb_accordion_item title=\u00bbSegundo Per\u00edodo de Matr\u00edcula: postulantes en Lista de Espera\u00bb open_toggle_text_color=\u00bb#009bdb\u00bb closed_toggle_text_color=\u00bb#565656&#8243; _builder_version=\u00bb4.27.5&#8243; _module_preset=\u00bbdefault\u00bb global_colors_info=\u00bb{}\u00bb toggle_level=\u00bbh3&#8243; toggle_font=\u00bb||||||||\u00bb toggle_font_size=\u00bb22px\u00bb closed_toggle_font_size=\u00bb22px\u00bb open=\u00bboff\u00bb]<\/p>\n<ul>\n<li><strong>Publicaci\u00f3n de vacantes:<\/strong> jueves 22 de enero, 19.00 horas.<\/li>\n<li><strong>Inicio de este per\u00edodo de matr\u00edcula:<\/strong> viernes 23 de enero, 8.00 horas.<\/li>\n<li><strong>T\u00e9rmino:<\/strong> Domingo 25 de enero, 17.00 horas.<\/li>\n<\/ul>\n<p>[\/et_pb_accordion_item][et_pb_accordion_item title=\u00bbLista Adicional de Espera\u00bb open_toggle_text_color=\u00bb#009bdb\u00bb closed_toggle_text_color=\u00bb#565656&#8243; _builder_version=\u00bb4.27.5&#8243; _module_preset=\u00bbdefault\u00bb global_colors_info=\u00bb{}\u00bb toggle_level=\u00bbh3&#8243; toggle_font=\u00bb||||||||\u00bb toggle_font_size=\u00bb22px\u00bb closed_toggle_font_size=\u00bb22px\u00bb open=\u00bboff\u00bb]<\/p>\n<ul>\n<li><strong>Publicaci\u00f3n de vacantes:<\/strong> domingo 25 de enero, 19.00 horas.<\/li>\n<li><strong>Inicio de esta etapa de matr\u00edcula:<\/strong> lunes 26 de enero de enero, 8.00 horas.<\/li>\n<li><strong>T\u00e9rmino:<\/strong> Jueves 29 de enero, 17.00 horas.<\/li>\n<\/ul>\n<p>[\/et_pb_accordion_item][et_pb_accordion_item title=\u00bbPeriodo de Repostulaci\u00f3n\u00bb open_toggle_text_color=\u00bb#009bdb\u00bb closed_toggle_text_color=\u00bb#565656&#8243; _builder_version=\u00bb4.27.5&#8243; _module_preset=\u00bbdefault\u00bb global_colors_info=\u00bb{}\u00bb toggle_level=\u00bbh3&#8243; toggle_font=\u00bb||||||||\u00bb toggle_font_size=\u00bb22px\u00bb closed_toggle_font_size=\u00bb22px\u00bb open=\u00bboff\u00bb]<\/p>\n<p><strong>Importante:<\/strong>\u00a0Solo podr\u00e1 postular a una carrera que cumpla con las siguientes condiciones: que no tenga lista de espera, que haya agotado su lista de espera y que a\u00fan cuente con vacantes disponibles.<\/p>\n<ul>\n<li><strong>Publicaci\u00f3n de carreras con cupos disponibles:<\/strong> jueves 22 de enero, 19.00 horas.<\/li>\n<li><strong>Inicio del per\u00edodo de inscripci\u00f3n para repostulaciones:<\/strong> viernes 23 de enero, 8.00 horas.<\/li>\n<li><strong>T\u00e9rmino del per\u00edodo de inscripci\u00f3n para la repostulaci\u00f3n<\/strong>: jueves 29 de enero, 12.00 horas.<\/li>\n<li><strong>Inicio del per\u00edodo de matr\u00edcula de estudiantes seleccionadas y seleccionados v\u00eda repostulaci\u00f3n:<\/strong> lunes 26 de enero, 8.00 horas.<\/li>\n<li><strong>T\u00e9rmino:<\/strong> jueves 29 de enero, 17.00 horas.<\/li>\n<\/ul>\n<p>[\/et_pb_accordion_item][\/et_pb_accordion][\/et_pb_column][\/et_pb_row][\/et_pb_section][et_pb_section fb_built=\u00bb1&#8243; admin_label=\u00bbFechas importantes\u00bb _builder_version=\u00bb4.27.4&#8243; _module_preset=\u00bbdefault\u00bb background_color=\u00bb#FFFFFF\u00bb custom_margin=\u00bb||0px||false|false\u00bb custom_padding=\u00bb50px|0px|50px|0px|false|false\u00bb collapsed=\u00bboff\u00bb global_colors_info=\u00bb{}\u00bb][et_pb_row column_structure=\u00bb2_3,1_3&#8243; use_custom_gutter=\u00bbon\u00bb _builder_version=\u00bb4.27.4&#8243; _module_preset=\u00bbdefault\u00bb width=\u00bb90%\u00bb global_colors_info=\u00bb{}\u00bb][et_pb_column type=\u00bb2_3&#8243; _builder_version=\u00bb4.22.1&#8243; _module_preset=\u00bbdefault\u00bb global_colors_info=\u00bb{}\u00bb][et_pb_text _builder_version=\u00bb4.27.5&#8243; _module_preset=\u00bbdefault\u00bb text_font=\u00bb||||||||\u00bb text_text_color=\u00bb#009fe3&#8243; header_2_font=\u00bb|700|||||||\u00bb header_2_text_align=\u00bbleft\u00bb header_2_text_color=\u00bb#565656&#8243; header_2_font_size=\u00bb32px\u00bb custom_padding=\u00bb20px||20px|30px|false|false\u00bb global_colors_info=\u00bb{}\u00bb]<\/p>\n<h2 style=\"text-align: left;\">Procedimiento de Matr\u00edcula en l\u00ednea 2026<\/h2>\n<p><strong>Importante: Ten a mano todos los documentos requeridos antes de iniciar el proceso.<\/strong><\/p>\n<p>[\/et_pb_text][\/et_pb_column][et_pb_column type=\u00bb1_3&#8243; _builder_version=\u00bb4.22.1&#8243; _module_preset=\u00bbdefault\u00bb global_colors_info=\u00bb{}\u00bb][et_pb_button button_url=\u00bbhttps:\/\/www.upla.cl\/admision\/wp-content\/uploads\/2026\/01\/20260109_admision_instructivodematricula-2026.pdf\u00bb url_new_window=\u00bbon\u00bb button_text=\u00bbDescarga este instructivo aqu\u00ed (pdf, 555 KB)\u00bb admin_label=\u00bbDescarga instructivo de matr\u00edcula 2026&#8243; _builder_version=\u00bb4.27.5&#8243; _module_preset=\u00bbdefault\u00bb custom_button=\u00bbon\u00bb button_text_color=\u00bb#FFFFFF\u00bb button_bg_color=\u00bb#009fe3&#8243; button_border_radius=\u00bb15px\u00bb button_font=\u00bb&#8211;et_global_heading_font|600|||||||\u00bb button_icon=\u00bb&#xe092;||divi||400&#8243; global_colors_info=\u00bb{}\u00bb][\/et_pb_button][\/et_pb_column][\/et_pb_row][et_pb_row column_structure=\u00bb1_4,1_4,1_4,1_4&#8243; _builder_version=\u00bb4.27.4&#8243; _module_preset=\u00bbdefault\u00bb custom_margin=\u00bb2%|auto|2%|auto|true|false\u00bb global_colors_info=\u00bb{}\u00bb][et_pb_column type=\u00bb1_4&#8243; _builder_version=\u00bb4.22.1&#8243; _module_preset=\u00bbdefault\u00bb global_colors_info=\u00bb{}\u00bb][et_pb_blurb title=\u00bb1.\u00bb _builder_version=\u00bb4.27.4&#8243; _module_preset=\u00bbdefault\u00bb header_level=\u00bbh3&#8243; header_font=\u00bb|700|||||||\u00bb header_text_color=\u00bb#009bdb\u00bb header_font_size=\u00bb36px\u00bb body_font=\u00bb||||||||\u00bb body_text_color=\u00bb#565656&#8243; body_line_height=\u00bb1.2em\u00bb custom_margin=\u00bb||-1px|||\u00bb custom_padding=\u00bb10%|10%|10%|10%|true|true\u00bb border_radii=\u00bbon|15px|15px|15px|15px\u00bb border_width_all=\u00bb1px\u00bb border_color_all=\u00bb#009bdb\u00bb border_style_all=\u00bboutset\u00bb global_colors_info=\u00bb{}\u00bb transform_styles__hover_enabled=\u00bbon|hover\u00bb transform_scale__hover_enabled=\u00bbon|hover\u00bb transform_translate__hover_enabled=\u00bbon|desktop\u00bb transform_rotate__hover_enabled=\u00bbon|desktop\u00bb transform_skew__hover_enabled=\u00bbon|desktop\u00bb transform_origin__hover_enabled=\u00bbon|desktop\u00bb transform_scale__hover=\u00bb101%|101%\u00bb]<\/p>\n<h3><strong>Completar la informaci\u00f3n requerida<\/strong><\/h3>\n<p>Se solicitar\u00e1 el registro de datos personales, contacto de emergencia, direcci\u00f3n familiar y datos acad\u00e9micos.<\/p>\n<p>[\/et_pb_blurb][\/et_pb_column][et_pb_column type=\u00bb1_4&#8243; _builder_version=\u00bb4.22.1&#8243; _module_preset=\u00bbdefault\u00bb global_colors_info=\u00bb{}\u00bb][et_pb_blurb title=\u00bb2.\u00bb title_last_edited=\u00bboff|desktop\u00bb _builder_version=\u00bb4.27.5&#8243; _module_preset=\u00bbdefault\u00bb header_level=\u00bbh2&#8243; header_font=\u00bb|700|||||||\u00bb header_text_color=\u00bb#009bdb\u00bb header_font_size=\u00bb36px\u00bb body_font=\u00bb||||||||\u00bb body_text_color=\u00bb#565656&#8243; body_line_height=\u00bb1.2em\u00bb custom_margin=\u00bb||-1px|||\u00bb custom_padding=\u00bb10%|10%|10%|10%|true|true\u00bb border_radii=\u00bbon|15px|15px|15px|15px\u00bb border_width_all=\u00bb1px\u00bb border_color_all=\u00bb#009bdb\u00bb border_style_all=\u00bboutset\u00bb global_colors_info=\u00bb{}\u00bb transform_styles__hover_enabled=\u00bbon|hover\u00bb transform_scale__hover_enabled=\u00bbon|hover\u00bb transform_translate__hover_enabled=\u00bbon|desktop\u00bb transform_rotate__hover_enabled=\u00bbon|desktop\u00bb transform_skew__hover_enabled=\u00bbon|desktop\u00bb transform_origin__hover_enabled=\u00bbon|desktop\u00bb transform_scale__hover=\u00bb101%|101%\u00bb]<\/p>\n<h3><strong>Cargar los documentos solicitados*<\/strong><\/h3>\n<p>&gt; <strong>Obligatorio para todo el estudiantado:<\/strong> Imagen de la c\u00e9dula vigente (por ambos lados, en una sola p\u00e1gina).<\/p>\n<p>&gt; <strong>Para estudiantes de Pedagog\u00eda en Educaci\u00f3n F\u00edsica o Tecnolog\u00eda en Deportes y Recreaci\u00f3n: <\/strong>deben cargar el certificado m\u00e9dico firmado y timbrado que acredite salud compatible para realizar actividad f\u00edsica de alto impacto, el cual puede ser emitido por un m\u00e9dico general.<\/p>\n<p><span style=\"font-size: 16px;\">*Formato y peso admitidos: pdf, jpg, jpeg; 15 MB.<\/span><\/p>\n<p>[\/et_pb_blurb][\/et_pb_column][et_pb_column type=\u00bb1_4&#8243; _builder_version=\u00bb4.22.1&#8243; _module_preset=\u00bbdefault\u00bb global_colors_info=\u00bb{}\u00bb][et_pb_blurb title=\u00bb3.\u00bb title_last_edited=\u00bboff|desktop\u00bb _builder_version=\u00bb4.27.5&#8243; _module_preset=\u00bbdefault\u00bb header_level=\u00bbh2&#8243; header_font=\u00bb|700|||||||\u00bb header_text_color=\u00bb#009bdb\u00bb header_font_size=\u00bb36px\u00bb body_font=\u00bb||||||||\u00bb body_text_color=\u00bb#565656&#8243; body_line_height=\u00bb1.2em\u00bb custom_margin=\u00bb||-1px|||\u00bb custom_padding=\u00bb10%|10%|10%|10%|true|true\u00bb border_radii=\u00bbon|15px|15px|15px|15px\u00bb border_width_all=\u00bb1px\u00bb border_color_all=\u00bb#009bdb\u00bb border_style_all=\u00bboutset\u00bb global_colors_info=\u00bb{}\u00bb transform_styles__hover_enabled=\u00bbon|hover\u00bb transform_scale__hover_enabled=\u00bbon|hover\u00bb transform_translate__hover_enabled=\u00bbon|desktop\u00bb transform_rotate__hover_enabled=\u00bbon|desktop\u00bb transform_skew__hover_enabled=\u00bbon|desktop\u00bb transform_origin__hover_enabled=\u00bbon|desktop\u00bb transform_scale__hover=\u00bb101%|101%\u00bb]<\/p>\n<h3><strong>Confirmaci\u00f3n de la preselecci\u00f3n de beneficios de arancel Mineduc 2026<\/strong><\/h3>\n<p>(Se enviar\u00e1 correo con informaci\u00f3n)<\/p>\n<p>&gt; Si fuiste <strong>preseleccionado o preseleccionada con el beneficio de Gratuidad<\/strong>, deber\u00e1s aceptar la carta de Gratuidad para continuar con tu proceso de matr\u00edcula.<\/p>\n<p>&gt; El seleccionado o la seleccionada que <strong>no postul\u00f3 a Beneficios Estudiantiles Mineduc 2026<\/strong>, ser\u00e1 notificado o notificada sobre el proceso de postulaci\u00f3n rezagada.[\/et_pb_blurb][\/et_pb_column][et_pb_column type=\u00bb1_4&#8243; _builder_version=\u00bb4.22.1&#8243; _module_preset=\u00bbdefault\u00bb global_colors_info=\u00bb{}\u00bb][et_pb_blurb title=\u00bb4.\u00bb title_last_edited=\u00bboff|desktop\u00bb _builder_version=\u00bb4.27.4&#8243; _module_preset=\u00bbdefault\u00bb header_level=\u00bbh2&#8243; header_font=\u00bb|700|||||||\u00bb header_text_color=\u00bb#009bdb\u00bb header_font_size=\u00bb36px\u00bb body_font=\u00bb||||||||\u00bb body_text_color=\u00bb#565656&#8243; body_line_height=\u00bb1.2em\u00bb custom_margin=\u00bb||-1px|||\u00bb custom_padding=\u00bb10%|10%|10%|10%|true|true\u00bb border_radii=\u00bbon|15px|15px|15px|15px\u00bb border_width_all=\u00bb1px\u00bb border_color_all=\u00bb#009bdb\u00bb border_style_all=\u00bboutset\u00bb global_colors_info=\u00bb{}\u00bb transform_styles__hover_enabled=\u00bbon|hover\u00bb transform_scale__hover_enabled=\u00bbon|hover\u00bb transform_translate__hover_enabled=\u00bbon|desktop\u00bb transform_rotate__hover_enabled=\u00bbon|desktop\u00bb transform_skew__hover_enabled=\u00bbon|desktop\u00bb transform_origin__hover_enabled=\u00bbon|desktop\u00bb transform_scale__hover=\u00bb101%|101%\u00bb]<\/p>\n<h3><strong>Descargar los documentos del proceso<\/strong><\/h3>\n<p>&gt; Boleta de pago de Derechos B\u00e1sicos.<\/p>\n<p>&gt;Carta de preselecci\u00f3n de beneficio de Gratuidad.<\/p>\n<p>&gt;Pagar\u00e9 si corresponde. Este tr\u00e1mite debe realizarse <strong>de manera presencial<\/strong> en la Secci\u00f3n de Aranceles de la Universidad de Playa Ancha. Debes acudir con este documento <strong>firmado y listo, para registrar tu huella digital, <\/strong>antes del 13 de marzo de 2026, considerando fechas y horarios de atenci\u00f3n dispuestas para este proceso.<\/p>\n<p>Al terminar el proceso, recibir\u00e1s un correo de bienvenida que confirmar\u00e1 tu matr\u00edcula.<\/p>\n<p>[\/et_pb_blurb][\/et_pb_column][\/et_pb_row][et_pb_row column_structure=\u00bb1_3,1_3,1_3&#8243; use_custom_gutter=\u00bbon\u00bb gutter_width=\u00bb1.2&#8243; _builder_version=\u00bb4.27.4&#8243; _module_preset=\u00bbdefault\u00bb background_color=\u00bbRGBA(255,255,255,0)\u00bb max_width=\u00bb2560px\u00bb min_height=\u00bb360px\u00bb custom_margin=\u00bb3%|auto|3%|auto|true|true\u00bb custom_padding=\u00bb5%|0px||0px|false|false\u00bb animation_style=\u00bbslide\u00bb animation_direction=\u00bbbottom\u00bb animation_intensity_slide=\u00bb6%\u00bb animation_starting_opacity=\u00bb100%\u00bb animation_starting_opacity_tablet=\u00bb100%\u00bb animation_starting_opacity_phone=\u00bb100%\u00bb animation_starting_opacity_last_edited=\u00bbon|desktop\u00bb border_color_all=\u00bb#0C71C3&#8243; border_style_all=\u00bboutset\u00bb border_width_top=\u00bb1px\u00bb border_color_top=\u00bb#009bdb\u00bb border_style_top=\u00bboutset\u00bb border_color_bottom=\u00bb#009bdb\u00bb global_colors_info=\u00bb{}\u00bb][et_pb_column type=\u00bb1_3&#8243; _builder_version=\u00bb4.22.1&#8243; _module_preset=\u00bbdefault\u00bb global_colors_info=\u00bb{}\u00bb][et_pb_text _builder_version=\u00bb4.27.4&#8243; _module_preset=\u00bbdefault\u00bb text_font=\u00bb||||||||\u00bb text_text_color=\u00bb#565656&#8243; header_2_font=\u00bb|700|||||||\u00bb header_2_text_align=\u00bbleft\u00bb header_2_text_color=\u00bb#565656&#8243; header_2_font_size=\u00bb32px\u00bb text_orientation=\u00bbcenter\u00bb custom_padding=\u00bb20px||20px|30px|false|false\u00bb global_colors_info=\u00bb{}\u00bb]<\/p>\n<h2 style=\"text-align: left;\">Formas de pago:<\/h2>\n<p>[\/et_pb_text][\/et_pb_column][et_pb_column type=\u00bb1_3&#8243; _builder_version=\u00bb4.22.1&#8243; _module_preset=\u00bbdefault\u00bb global_colors_info=\u00bb{}\u00bb][et_pb_text _builder_version=\u00bb4.27.4&#8243; _module_preset=\u00bbdefault\u00bb text_font=\u00bb||||||||\u00bb text_text_color=\u00bb#565656&#8243; text_line_height=\u00bb1.6em\u00bb header_3_text_color=\u00bb#009bdb\u00bb text_orientation=\u00bbcenter\u00bb custom_padding=\u00bb20px||||false|false\u00bb global_colors_info=\u00bb{}\u00bb]<\/p>\n<h3 style=\"text-align: left;\"><strong>Sin preselecci\u00f3n a beneficios estudiantiles<\/strong><\/h3>\n<p style=\"text-align: left;\"><strong><\/strong>Si este es tu caso, podr\u00e1s realizar <strong>el pago de la matr\u00edcula<\/strong> a trav\u00e9s de WebPay. Si no cuentas con la totalidad del costo de los Derechos B\u00e1sicos o est\u00e1s a la espera de resultados de los beneficios, te puedes comunicar telef\u00f3nicamente con el Departamento de Aranceles, llamando al n\u00famero 32 220 5168.<\/p>\n<p>[\/et_pb_text][\/et_pb_column][et_pb_column type=\u00bb1_3&#8243; _builder_version=\u00bb4.22.1&#8243; _module_preset=\u00bbdefault\u00bb global_colors_info=\u00bb{}\u00bb][et_pb_text _builder_version=\u00bb4.27.5&#8243; _module_preset=\u00bbdefault\u00bb text_font=\u00bb||||||||\u00bb text_text_color=\u00bb#565656&#8243; text_line_height=\u00bb1.6em\u00bb header_3_text_color=\u00bb#009bdb\u00bb text_orientation=\u00bbcenter\u00bb custom_padding=\u00bb20px||||false|false\u00bb global_colors_info=\u00bb{}\u00bb]<\/p>\n<h3 style=\"text-align: left;\"><strong>Preselecci\u00f3n 2026 Mineduc*<\/strong><\/h3>\n<p style=\"text-align: left;\"><strong>No pagan matr\u00edcula quienes:<\/strong><\/p>\n<ul>\n<li style=\"text-align: left;\">Hayan sido seleccionados o seleccionadas para la Beca Vocaci\u00f3n de Profesor o en alguna de nuestras carreras pedag\u00f3gicas.<\/li>\n<li style=\"text-align: left;\">Tengan gratuidad en cualquier otra carrera de pregrado.<\/li>\n<\/ul>\n<p style=\"text-align: left;\">*La boleta indicar\u00e1 el beneficio con un sello de agua.<\/p>\n<p>[\/et_pb_text][\/et_pb_column][\/et_pb_row][\/et_pb_section][et_pb_section fb_built=\u00bb1&#8243; admin_label=\u00bbFechas importantes\u00bb _builder_version=\u00bb4.27.4&#8243; _module_preset=\u00bbdefault\u00bb background_color=\u00bb#FFFFFF\u00bb custom_margin=\u00bb||0px||false|false\u00bb custom_padding=\u00bb50px|0px|50px|0px|false|false\u00bb collapsed=\u00bboff\u00bb global_colors_info=\u00bb{}\u00bb][et_pb_row column_structure=\u00bb3_5,2_5&#8243; _builder_version=\u00bb4.22.1&#8243; _module_preset=\u00bbdefault\u00bb global_colors_info=\u00bb{}\u00bb][et_pb_column type=\u00bb3_5&#8243; _builder_version=\u00bb4.22.1&#8243; _module_preset=\u00bbdefault\u00bb global_colors_info=\u00bb{}\u00bb][et_pb_text _builder_version=\u00bb4.27.5&#8243; _module_preset=\u00bbdefault\u00bb text_font=\u00bb||||||||\u00bb text_text_color=\u00bb#565656&#8243; header_2_font=\u00bb|700|||||||\u00bb header_2_text_align=\u00bbleft\u00bb header_2_text_color=\u00bb#565656&#8243; header_2_font_size=\u00bb32px\u00bb text_orientation=\u00bbcenter\u00bb custom_padding=\u00bb20px||20px|30px|false|false\u00bb global_colors_info=\u00bb{}\u00bb]<\/p>\n<h2 style=\"text-align: left;\">Informaci\u00f3n de becas y beneficios<\/h2>\n<p style=\"text-align: left;\">En relaci\u00f3n con los beneficios estudiantiles Mineduc, las y los postulantes ser\u00e1n contactactados v\u00eda virtual por funcionarios y funcionarios de la Direcci\u00f3n General de Desarrollo Estudiantil, en donde podr\u00e1n:<\/p>\n<p style=\"text-align: left;\">&gt; Confirmar los beneficios estudiantiles Mineduc.<\/p>\n<p style=\"text-align: left;\">&gt; Ser entrevistados o entrevistadas por una asistente social (s\u00f3lo a quienes el Mineduc, a trav\u00e9s de su p\u00e1gina de resultados, ha indicado que deben realizar una evaluaci\u00f3n socioecon\u00f3mica).<\/p>\n<p style=\"text-align: left;\">&gt;Recepci\u00f3n de documento de evaluaci\u00f3n socioecon\u00f3mica.<\/p>\n<p style=\"text-align: left;\">&gt; Acreditaci\u00f3n socioecon\u00f3mica al Mineduc.<\/p>\n<p style=\"text-align: left;\">Para mayor informaci\u00f3n sobre los documentos necesarios para acreditar el nivel socioecon\u00f3mico y descargar aquellos documentos que se deben presentar, se sugiere visitar el siguiente enlace: <a href=\"http:\/\/portal.beneficiosestudiantiles.cl\/\" target=\"_blank\" rel=\"noopener\" title=\"Portal de Beneficios estudiantiles\">http:\/\/portal.beneficiosestudiantiles.cl\/<\/a><\/p>\n<p>[\/et_pb_text][\/et_pb_column][et_pb_column type=\u00bb2_5&#8243; _builder_version=\u00bb4.22.1&#8243; _module_preset=\u00bbdefault\u00bb global_colors_info=\u00bb{}\u00bb][et_pb_text _builder_version=\u00bb4.27.5&#8243; _module_preset=\u00bbdefault\u00bb text_font=\u00bb||||||||\u00bb text_text_color=\u00bb#565656&#8243; header_2_font=\u00bb|700|||||||\u00bb header_2_text_align=\u00bbleft\u00bb header_2_text_color=\u00bb#565656&#8243; header_2_font_size=\u00bb32px\u00bb header_3_font=\u00bb|700|||||||\u00bb header_3_text_color=\u00bb#009fe3&#8243; custom_padding=\u00bb20px||20px|30px|false|false\u00bb hover_enabled=\u00bb0&#8243; border_radii=\u00bbon|15px|15px|15px|15px\u00bb border_width_all=\u00bb1px\u00bb border_color_all=\u00bb#009fe3&#8243; border_style_all=\u00bboutset\u00bb global_colors_info=\u00bb{}\u00bb sticky_enabled=\u00bb0&#8243;]<\/p>\n<h2 style=\"text-align: left;\"><strong>Para mayores informaciones:<\/strong><\/h2>\n<h3>Locales de apoyo a la Matr\u00edcula (Admisi\u00f3n 2026)<\/h3>\n<p>&nbsp;<\/p>\n<p>En caso de necesitar asistencia durante el proceso de matr\u00edcula para ingreso a primer a\u00f1o, puedes comunicarte de 9:00 a 17:00 horas, entre el 20 y el 29 de enero, a los siguientes n\u00fameros:<\/p>\n<p>+56 32 2205102 | +56 32 2205130 | +56 32 2205288 | +56 32 2205930<\/p>\n<p><strong>En Valpara\u00edso, <\/strong>puedes acercarte a la Biblioteca Central en Av. Guillermo Gonz\u00e1lez de Hontaneda 855, Playa Ancha, Valpara\u00edso.<\/p>\n<p><strong>En San Felipe<\/strong>, tambi\u00e9n puedes acercarte a Benigno Caldera 351, San Felipe.<\/p>\n<p>[\/et_pb_text][\/et_pb_column][\/et_pb_row][\/et_pb_section][et_pb_section fb_built=\u00bb1&#8243; admin_label=\u00bbMalla curricular\u00bb _builder_version=\u00bb4.27.4&#8243; _module_preset=\u00bbdefault\u00bb background_color=\u00bb#f4f4f4&#8243; custom_margin=\u00bb||0px||false|false\u00bb custom_padding=\u00bb68px|0px|50px|0px|false|false\u00bb global_colors_info=\u00bb{}\u00bb][et_pb_row use_custom_gutter=\u00bbon\u00bb gutter_width=\u00bb1.2&#8243; custom_padding_last_edited=\u00bbon|phone\u00bb _builder_version=\u00bb4.22.1&#8243; _module_preset=\u00bbdefault\u00bb background_color=\u00bbRGBA(255,255,255,0)\u00bb max_width=\u00bb2560px\u00bb min_height=\u00bb100px\u00bb min_height_tablet=\u00bb100px\u00bb min_height_phone=\u00bb100px\u00bb min_height_last_edited=\u00bbon|phone\u00bb custom_margin=\u00bb-3.3%|auto|10px|auto|false|true\u00bb custom_padding=\u00bb19px|0px|3px|0px|false|false\u00bb custom_padding_tablet=\u00bb19px|0px|50px|0px|false|false\u00bb custom_padding_phone=\u00bb0px|0px|0px|0px|true|false\u00bb animation_style=\u00bbslide\u00bb animation_direction=\u00bbbottom\u00bb animation_intensity_slide=\u00bb6%\u00bb animation_starting_opacity=\u00bb100%\u00bb animation_starting_opacity_tablet=\u00bb100%\u00bb animation_starting_opacity_phone=\u00bb100%\u00bb animation_starting_opacity_last_edited=\u00bbon|desktop\u00bb border_radii=\u00bbon|15px|15px|15px|15px\u00bb border_color_top=\u00bbRGBA(255,255,255,0)\u00bb border_style_top=\u00bboutset\u00bb global_colors_info=\u00bb{}\u00bb][et_pb_column type=\u00bb4_4&#8243; _builder_version=\u00bb4.22.1&#8243; _module_preset=\u00bbdefault\u00bb global_colors_info=\u00bb{}\u00bb][et_pb_text _builder_version=\u00bb4.27.4&#8243; _module_preset=\u00bbdefault\u00bb text_font=\u00bb||||||||\u00bb text_text_color=\u00bb#565656&#8243; header_2_font=\u00bb|700|||||||\u00bb header_2_text_align=\u00bbleft\u00bb header_2_text_color=\u00bb#565656&#8243; header_2_font_size=\u00bb32px\u00bb text_orientation=\u00bbcenter\u00bb custom_padding=\u00bb20px||20px|30px|false|false\u00bb global_colors_info=\u00bb{}\u00bb]<\/p>\n<h2 style=\"text-align: left;\">Casos especiales de matr\u00edcula<\/h2>\n<p style=\"text-align: left;\">El hecho de <strong>no ingresar<\/strong> al Portal de Matr\u00edcula y realizar el procedimiento correspondiente dentro de los plazos establecidos, significa que el postulante <strong>RECHAZA<\/strong> su vacante, la cual ser\u00e1 asignada a otra u otro postulante en estricto orden de selecci\u00f3n.<\/p>\n<p>[\/et_pb_text][\/et_pb_column][\/et_pb_row][et_pb_row column_structure=\u00bb1_4,1_4,1_4,1_4&#8243; use_custom_gutter=\u00bbon\u00bb gutter_width=\u00bb1.2&#8243; _builder_version=\u00bb4.27.4&#8243; _module_preset=\u00bbdefault\u00bb background_color=\u00bbRGBA(255,255,255,0)\u00bb max_width=\u00bb2560px\u00bb min_height=\u00bb360px\u00bb custom_margin=\u00bb|auto||auto|true|true\u00bb custom_padding=\u00bb0%|0px||0px|false|false\u00bb animation_style=\u00bbslide\u00bb animation_direction=\u00bbbottom\u00bb animation_intensity_slide=\u00bb6%\u00bb animation_starting_opacity=\u00bb100%\u00bb animation_starting_opacity_tablet=\u00bb100%\u00bb animation_starting_opacity_phone=\u00bb100%\u00bb animation_starting_opacity_last_edited=\u00bbon|desktop\u00bb border_color_all=\u00bb#0C71C3&#8243; border_style_all=\u00bboutset\u00bb border_color_top=\u00bb#009bdb\u00bb border_style_top=\u00bboutset\u00bb border_color_bottom=\u00bb#009bdb\u00bb global_colors_info=\u00bb{}\u00bb][et_pb_column type=\u00bb1_4&#8243; _builder_version=\u00bb4.22.1&#8243; _module_preset=\u00bbdefault\u00bb global_colors_info=\u00bb{}\u00bb][et_pb_text _builder_version=\u00bb4.27.5&#8243; _module_preset=\u00bbdefault\u00bb text_font=\u00bb||||||||\u00bb text_text_color=\u00bb#565656&#8243; text_line_height=\u00bb1.6em\u00bb header_3_text_color=\u00bb#009bdb\u00bb custom_padding=\u00bb20px||||false|false\u00bb global_colors_info=\u00bb{}\u00bb]<\/p>\n<h3 style=\"text-align: left;\"><strong>Renuncia interna:<\/strong><\/h3>\n<p>Si quedaste seleccionada o seleccionado en otra carrera dentro de la UPLA que es de tu mayor inter\u00e9s, el procedimiento consiste en ingresar al portal de matr\u00edcula y elegir la nueva carrera. Los pagos se ajustar\u00e1n autom\u00e1ticamente.<\/p>\n<p>[\/et_pb_text][\/et_pb_column][et_pb_column type=\u00bb1_4&#8243; _builder_version=\u00bb4.22.1&#8243; _module_preset=\u00bbdefault\u00bb global_colors_info=\u00bb{}\u00bb][et_pb_text _builder_version=\u00bb4.27.5&#8243; _module_preset=\u00bbdefault\u00bb text_font=\u00bb||||||||\u00bb text_text_color=\u00bb#565656&#8243; text_line_height=\u00bb1.6em\u00bb header_3_text_color=\u00bb#009bdb\u00bb custom_padding=\u00bb20px||||false|false\u00bb global_colors_info=\u00bb{}\u00bb]<\/p>\n<h3 style=\"text-align: left;\"><strong>Retracto\/Renuncia externa<\/strong><\/h3>\n<p>Deseas cambiarte a otra universidad<\/p>\n<p>Procedimiento:<br \/>Env\u00eda correo a: <a href=\"mailto:matricula2026@upla.cl\" target=\"_blank\" rel=\"noopener\" title=\"correo de matr\u00edcula 2026\">matricula2026@upla.cl<\/a><br \/>Asunto: \u00abRetracto\u00bb<br \/>Contenido: Nombre, RUN, carrera<br \/>Adjunta: Comprobante de matr\u00edcula o certificado de estudiante de la nueva instituci\u00f3n<\/p>\n<p><strong>Plazo m\u00e1ximo: Jueves 29 de enero, 12:00 horas. De lo contrario no aplica la Ley de Retracto<\/strong><\/p>\n<p>[\/et_pb_text][\/et_pb_column][et_pb_column type=\u00bb1_4&#8243; _builder_version=\u00bb4.22.1&#8243; _module_preset=\u00bbdefault\u00bb global_colors_info=\u00bb{}\u00bb][et_pb_text _builder_version=\u00bb4.27.5&#8243; _module_preset=\u00bbdefault\u00bb text_font=\u00bb||||||||\u00bb text_text_color=\u00bb#565656&#8243; text_line_height=\u00bb1.6em\u00bb header_3_text_color=\u00bb#009bdb\u00bb text_orientation=\u00bbcenter\u00bb custom_padding=\u00bb20px||||false|false\u00bb global_colors_info=\u00bb{}\u00bb]<\/p>\n<h3 style=\"text-align: left;\"><strong>Incongruencia de datos personales:<\/strong><\/h3>\n<p style=\"text-align: left;\">Escr\u00edbenos a <strong><a href=\"mailto:matricula2026@upla.cl\">matricula2026@upla.cl<\/a><\/strong> indicando en el asunto: \u201cIncongruencia de datos\u201d, adem\u00e1s de indicar la carrera, n\u00famero de contacto y adjuntar la imagen de la c\u00e9dula de identidad por ambos lados.<\/p>\n<p>[\/et_pb_text][\/et_pb_column][et_pb_column type=\u00bb1_4&#8243; _builder_version=\u00bb4.22.1&#8243; _module_preset=\u00bbdefault\u00bb global_colors_info=\u00bb{}\u00bb][et_pb_text _builder_version=\u00bb4.27.5&#8243; _module_preset=\u00bbdefault\u00bb text_font=\u00bb||||||||\u00bb text_text_color=\u00bb#565656&#8243; text_line_height=\u00bb1.6em\u00bb header_3_text_color=\u00bb#009bdb\u00bb custom_padding=\u00bb20px||||false|false\u00bb global_colors_info=\u00bb{}\u00bb]<\/p>\n<h3 style=\"text-align: left;\"><strong>Acceso al Sistema Integrado Institucional (SINTE) en calidad de estudiante de primer a\u00f1o acad\u00e9mico 2026:<\/strong><\/h3>\n<p>La fecha de creaci\u00f3n del correo institucional y enrolamiento de firma electr\u00f3nica ser\u00e1 informado a trav\u00e9s del correo de bienvenida, una vez se matriculen.<\/p>\n<p>[\/et_pb_text][\/et_pb_column][\/et_pb_row][\/et_pb_section][et_pb_section fb_built=\u00bb1&#8243; admin_label=\u00bbMalla curricular\u00bb _builder_version=\u00bb4.22.2&#8243; _module_preset=\u00bbdefault\u00bb background_enable_color=\u00bboff\u00bb custom_margin=\u00bb||0px||false|false\u00bb custom_padding=\u00bb68px|0px|50px|0px|false|false\u00bb global_colors_info=\u00bb{}\u00bb][et_pb_row use_custom_gutter=\u00bbon\u00bb gutter_width=\u00bb1.2&#8243; custom_padding_last_edited=\u00bbon|phone\u00bb _builder_version=\u00bb4.22.1&#8243; _module_preset=\u00bbdefault\u00bb background_color=\u00bbRGBA(255,255,255,0)\u00bb max_width=\u00bb2560px\u00bb min_height=\u00bb100px\u00bb min_height_tablet=\u00bb100px\u00bb min_height_phone=\u00bb100px\u00bb min_height_last_edited=\u00bbon|phone\u00bb custom_margin=\u00bb-3.3%|auto|10px|auto|false|true\u00bb custom_padding=\u00bb19px|0px|3px|0px|false|false\u00bb custom_padding_tablet=\u00bb19px|0px|50px|0px|false|false\u00bb custom_padding_phone=\u00bb0px|0px|0px|0px|true|false\u00bb animation_style=\u00bbslide\u00bb animation_direction=\u00bbbottom\u00bb animation_intensity_slide=\u00bb6%\u00bb animation_starting_opacity=\u00bb100%\u00bb animation_starting_opacity_tablet=\u00bb100%\u00bb animation_starting_opacity_phone=\u00bb100%\u00bb animation_starting_opacity_last_edited=\u00bbon|desktop\u00bb border_radii=\u00bbon|15px|15px|15px|15px\u00bb border_color_top=\u00bbRGBA(255,255,255,0)\u00bb border_style_top=\u00bboutset\u00bb global_colors_info=\u00bb{}\u00bb][et_pb_column type=\u00bb4_4&#8243; _builder_version=\u00bb4.22.1&#8243; _module_preset=\u00bbdefault\u00bb global_colors_info=\u00bb{}\u00bb][et_pb_text _builder_version=\u00bb4.27.5&#8243; _module_preset=\u00bbdefault\u00bb text_font=\u00bb||||||||\u00bb text_text_color=\u00bb#565656&#8243; header_2_font=\u00bb|700|||||||\u00bb header_2_text_align=\u00bbleft\u00bb header_2_text_color=\u00bb#565656&#8243; header_2_font_size=\u00bb32px\u00bb text_orientation=\u00bbcenter\u00bb custom_padding=\u00bb20px||20px|30px|false|false\u00bb global_colors_info=\u00bb{}\u00bb]<\/p>\n<h2 style=\"text-align: left;\">Servicios de apoyo<\/h2>\n<p style=\"text-align: left;\">La Universidad de Playa Ancha ofrece al estudiante las siguientes prestaciones:<\/p>\n<p>[\/et_pb_text][et_pb_tabs active_tab_background_color=\u00bbRGBA(255,255,255,0)\u00bb inactive_tab_background_color=\u00bbRGBA(255,255,255,0)\u00bb active_tab_text_color=\u00bb#009bdb\u00bb disabled_on=\u00bboff|off|off\u00bb _builder_version=\u00bb4.27.4&#8243; _module_preset=\u00bbdefault\u00bb tab_text_color=\u00bb#565656&#8243; body_line_height=\u00bb1.6em\u00bb tab_font_size=\u00bb16px\u00bb tab_line_height=\u00bb2.6em\u00bb background_color=\u00bbRGBA(255,255,255,0)\u00bb module_alignment=\u00bbleft\u00bb custom_padding=\u00bb|||12px||\u00bb border_radii=\u00bbon|15px|15px|15px|15px\u00bb border_color_all=\u00bb#009bdb\u00bb border_style_all=\u00bboutset\u00bb global_colors_info=\u00bb{}\u00bb][et_pb_tab title=\u00bbCentro Universitario para la Salud y el Bienestar (CUSABI)\u00bb _builder_version=\u00bb4.27.4&#8243; _module_preset=\u00bbdefault\u00bb body_text_color=\u00bb#565656&#8243; body_line_height=\u00bb1.2em\u00bb global_colors_info=\u00bb{}\u00bb]<\/p>\n<p>Integra saberes y disciplinas orientadas al cuidado y atenci\u00f3n prioritaria de nuestra comunidad estudiantil. Tambi\u00e9n, recibe a personas provenientes de distintos sectores del Gran Valpara\u00edso, quienes buscan ayuda en los laboratorios y campos cl\u00ednicos de la Facultad de Ciencias de la Salud.<\/p>\n<p>Integra servicios, tales como: medicina general, odontolog\u00eda y obstetricia, adem\u00e1s del colectivo de trabajo que representan las y los psic\u00f3logos del Centro para el Desarrollo Psicosocial (CDP).<\/p>\n<p>Entre los saberes que se promueven desde la Facultad de Salud, est\u00e1n los laboratorios de Fonoaudiolog\u00eda, Terapia Ocupacional, Kinesiolog\u00eda y Nutrici\u00f3n, espacios que, adem\u00e1s, posibilitan el aprendizaje significativo de estudiantes que se forman en estas disciplinas.<\/p>\n<p><strong><a href=\"https:\/\/www.upla.cl\/desarrolloestudiantil\/cusabi\/\" target=\"_blank\" rel=\"noopener\">Ver m\u00e1s &gt;<\/a><\/strong><\/p>\n<p>[\/et_pb_tab][et_pb_tab title=\u00bbBecas Deportivas Arancelarias: seleccionado o seleccionada nacional y excelencia deportiva\u00bb _builder_version=\u00bb4.27.4&#8243; _module_preset=\u00bbdefault\u00bb body_text_color=\u00bb#565656&#8243; body_line_height=\u00bb1.2em\u00bb global_colors_info=\u00bb{}\u00bb]<\/p>\n<p>Beneficios dirigidos a estudiantes\/deportistas que se integran a la Universidad y participan en alguna de las selecciones deportivas implementadas y coordinadas por la Direcci\u00f3n de Deportes y Recreaci\u00f3n.<\/p>\n<p>Estos beneficios consideran la exenci\u00f3n parcial del arancel universitario, previo a un proceso de postulaci\u00f3n, selecci\u00f3n y evaluaci\u00f3n de una comisi\u00f3n constituida por especialistas.<\/p>\n<p><strong><a href=\"https:\/\/www.upla.cl\/desarrolloestudiantil\/deportes-y-recreacion\/\" target=\"_blank\" rel=\"noopener\">Ver m\u00e1s &gt;<\/a><\/strong><\/p>\n<p>[\/et_pb_tab][et_pb_tab title=\u00bbBeca Talento Art\u00edstico\u00bb _builder_version=\u00bb4.27.4&#8243; _module_preset=\u00bbdefault\u00bb body_text_color=\u00bb#565656&#8243; body_line_height=\u00bb1.2em\u00bb global_colors_info=\u00bb{}\u00bb]<\/p>\n<p>Coordinada por la Direcci\u00f3n General de Vinculaci\u00f3n con el Medio y dirigida a estudiantes que se integran a los <a href=\"https:\/\/upla.cl\/vinculacion\/unidad-de-relaciones-institucionales\/elencos-artisticos-upla\/\" target=\"_blank\" rel=\"noopener\" title=\"elencos art\u00edsticos de la Universidad\">elencos art\u00edsticos de la Universidad<\/a>. Considera la exenci\u00f3n parcial del arancel universitario, previo a un proceso de selecci\u00f3n y evaluaci\u00f3n de comisi\u00f3n constituida por especialistas.<\/p>\n<p>[\/et_pb_tab][et_pb_tab title=\u00bbSeguro Escolar Estatal\u00bb _builder_version=\u00bb4.27.4&#8243; _module_preset=\u00bbdefault\u00bb body_text_color=\u00bb#565656&#8243; body_line_height=\u00bb1.2em\u00bb global_colors_info=\u00bb{}\u00bb]<\/p>\n<p>Seguro contra accidentes que cubre a la totalidad del estudiantado desde el trayecto de su domicilio a la Universidad y viceversa. Se hace extensivo tanto durante el tiempo de permanencia del y de la estudiante al interior del recinto universitario, como en el desarrollo de las actividades pr\u00e1cticas de su carrera.<\/p>\n<p><strong><a href=\"https:\/\/www.upla.cl\/desarrolloestudiantil\/beneficios-estudiantiles-upla\/\" target=\"_blank\" rel=\"noopener\" title=\"Ir a Desarrollo Estudiantil UPLA\">Ver m\u00e1s &gt;<\/a><\/strong><\/p>\n<p>[\/et_pb_tab][et_pb_tab title=\u00bbSeguro de Accidente Escolar Especial\u00bb _builder_version=\u00bb4.27.4&#8243; _module_preset=\u00bbdefault\u00bb body_text_color=\u00bb#565656&#8243; body_line_height=\u00bb1.2em\u00bb global_colors_info=\u00bb{}\u00bb]<\/p>\n<p>Destinado a estudiantes regulares de pregrado, que participen en las actividades de representaci\u00f3n de la Universidad. Este seguro se hace tambi\u00e9n extensivo a los y las estudiantes que se encuentran realizando su pr\u00e1ctica profesional.<\/p>\n<p><strong><a href=\"https:\/\/www.upla.cl\/desarrolloestudiantil\/beneficios-estudiantiles-upla\/\" target=\"_blank\" rel=\"noopener\" title=\"Ir a Desarrollo Estudiantil UPLA\">Ver m\u00e1s &gt;<\/a><\/strong><\/p>\n<p>[\/et_pb_tab][et_pb_tab title=\u00bbPr\u00e9stamos de Urgencia\u00bb _builder_version=\u00bb4.27.4&#8243; _module_preset=\u00bbdefault\u00bb body_text_color=\u00bb#565656&#8243; body_line_height=\u00bb1.2em\u00bb global_colors_info=\u00bb{}\u00bb]<\/p>\n<p>Dinero otorgado a las y los estudiantes de pregrado, destinado a cubrir situaciones de emergencia o imprevistos. Estas situaciones deber\u00e1n ser acreditadas con la documentaci\u00f3n correspondiente y, adem\u00e1s, contar con el respaldo de un o una aval.<\/p>\n<p><strong><a href=\"https:\/\/www.upla.cl\/desarrolloestudiantil\/beneficios-estudiantiles-upla\/\" target=\"_blank\" rel=\"noopener\" title=\"Ir a Desarrollo Estudiantil UPLA\">Ver m\u00e1s &gt;<\/a><\/strong><\/p>\n<p>[\/et_pb_tab][\/et_pb_tabs][\/et_pb_column][\/et_pb_row][\/et_pb_section][et_pb_section fb_built=\u00bb1&#8243; admin_label=\u00bbFechas importantes\u00bb _builder_version=\u00bb4.22.1&#8243; _module_preset=\u00bbdefault\u00bb background_color=\u00bb#f4f4f4&#8243; custom_margin=\u00bb||0px||false|false\u00bb custom_padding=\u00bb50px|0px|50px|0px|false|false\u00bb collapsed=\u00bboff\u00bb global_colors_info=\u00bb{}\u00bb][et_pb_row column_structure=\u00bb1_2,1_2&#8243; _builder_version=\u00bb4.22.1&#8243; _module_preset=\u00bbdefault\u00bb global_colors_info=\u00bb{}\u00bb][et_pb_column type=\u00bb1_2&#8243; _builder_version=\u00bb4.22.1&#8243; _module_preset=\u00bbdefault\u00bb global_colors_info=\u00bb{}\u00bb][et_pb_text _builder_version=\u00bb4.27.4&#8243; _module_preset=\u00bbdefault\u00bb text_font=\u00bb||||||||\u00bb text_text_color=\u00bb#565656&#8243; header_2_font=\u00bb|700|||||||\u00bb header_2_text_align=\u00bbleft\u00bb header_2_text_color=\u00bb#565656&#8243; header_2_font_size=\u00bb32px\u00bb text_orientation=\u00bbcenter\u00bb custom_padding=\u00bb20px||20px|30px|false|false\u00bb border_radii=\u00bbon|15px|15px|15px|15px\u00bb global_colors_info=\u00bb{}\u00bb]<\/p>\n<h2 style=\"text-align: left;\">C\u00f3mo llegar al campus Valpara\u00edso<\/h2>\n<p>&nbsp;<\/p>\n<p><iframe loading=\"lazy\" src=\"https:\/\/www.google.com\/maps\/embed?pb=!1m18!1m12!1m3!1d3345.2529713430004!2d-71.64423648820981!3d-33.023465175663276!2m3!1f0!2f0!3f0!3m2!1i1024!2i768!4f13.1!3m3!1m2!1s0x9689e6c7119f62b9%3A0xd0604db732dc0a2c!2sAvenida%20Guillermo%20-%20Francisco%20Gonz%C3%A1lez%20De%20Hontaneda%20855%2C%202360004%20Valpara%C3%ADso!5e0!3m2!1ses-419!2scl!4v1737483884894!5m2!1ses-419!2scl\" width=\"600\" height=\"300\" frameborder=\"0\" style=\"border: 0;\" allowfullscreen=\"\"><\/iframe><\/p>\n<p>[\/et_pb_text][\/et_pb_column][et_pb_column type=\u00bb1_2&#8243; _builder_version=\u00bb4.22.1&#8243; _module_preset=\u00bbdefault\u00bb global_colors_info=\u00bb{}\u00bb][et_pb_text _builder_version=\u00bb4.27.4&#8243; _module_preset=\u00bbdefault\u00bb text_font=\u00bb||||||||\u00bb text_text_color=\u00bb#565656&#8243; header_2_font=\u00bb|700|||||||\u00bb header_2_text_align=\u00bbleft\u00bb header_2_text_color=\u00bb#565656&#8243; header_2_font_size=\u00bb32px\u00bb text_orientation=\u00bbcenter\u00bb custom_padding=\u00bb20px||20px|30px|false|false\u00bb global_colors_info=\u00bb{}\u00bb]<\/p>\n<h2 style=\"text-align: left;\">C\u00f3mo llegar al campus San Felipe<\/h2>\n<p>&nbsp;<\/p>\n<p style=\"text-align: left;\"><iframe loading=\"lazy\" src=\"https:\/\/www.google.com\/maps\/embed?pb=!1m18!1m12!1m3!1d3355.648769907174!2d-70.73354738822093!3d-32.748515861800335!2m3!1f0!2f0!3f0!3m2!1i1024!2i768!4f13.1!3m3!1m2!1s0x968816c668826be7%3A0x4d999179c1d19255!2sBenigno%20Caldera%20351%2C%202170973%20San%20Felipe%2C%20Valpara%C3%ADso!5e0!3m2!1ses-419!2scl!4v1737483978632!5m2!1ses-419!2scl\" width=\"600\" height=\"300\" frameborder=\"0\" style=\"border: 0;\" allowfullscreen=\"\"><\/iframe><\/p>\n<p>[\/et_pb_text][\/et_pb_column][\/et_pb_row][\/et_pb_section][et_pb_section fb_built=\u00bb1&#8243; admin_label=\u00bb20250523_footermodelo\u00bb _builder_version=\u00bb4.27.4&#8243; _module_preset=\u00bbdefault\u00bb background_color=\u00bb#e5e5e5&#8243; background_enable_image=\u00bboff\u00bb min_height=\u00bb144.2px\u00bb custom_margin=\u00bb2px|||||\u00bb custom_padding=\u00bb50px||3px|||\u00bb border_width_top=\u00bb1px\u00bb border_color_top=\u00bbRGBA(255,255,255,0)\u00bb border_style_top=\u00bboutset\u00bb global_module=\u00bb125&#8243; saved_tabs=\u00bball\u00bb collapsed=\u00bboff\u00bb global_colors_info=\u00bb{}\u00bb][et_pb_row column_structure=\u00bb1_4,1_4,1_4,1_4&#8243; _builder_version=\u00bb4.24.3&#8243; _module_preset=\u00bbdefault\u00bb max_width=\u00bb2560px\u00bb min_height=\u00bb247.9px\u00bb custom_margin=\u00bb|auto|23px|auto|false|false\u00bb custom_padding=\u00bb|20px||20px|false|true\u00bb global_colors_info=\u00bb{}\u00bb][et_pb_column type=\u00bb1_4&#8243; _builder_version=\u00bb4.20.4&#8243; _module_preset=\u00bbdefault\u00bb global_colors_info=\u00bb{}\u00bb][et_pb_image src=\u00bbhttps:\/\/www.upla.cl\/admision\/wp-content\/uploads\/2023\/09\/im-upla.png\u00bb alt=\u00bbUniversidad de Playa Ancha\u00bb title_text=\u00bbim-upla\u00bb url=\u00bbhttps:\/\/www.upla.cl\/portada\/\u00bb align_tablet=\u00bb\u00bb align_phone=\u00bbcenter\u00bb align_last_edited=\u00bbon|phone\u00bb _builder_version=\u00bb4.22.2&#8243; _module_preset=\u00bbdefault\u00bb custom_padding_tablet=\u00bb\u00bb custom_padding_phone=\u00bb|30px||30px|false|true\u00bb custom_padding_last_edited=\u00bbon|phone\u00bb global_colors_info=\u00bb{}\u00bb][\/et_pb_image][et_pb_text _builder_version=\u00bb4.24.2&#8243; _module_preset=\u00bbdefault\u00bb text_text_color=\u00bb#565656&#8243; text_font_size=\u00bb15px\u00bb text_line_height=\u00bb1.2em\u00bb custom_padding=\u00bb|10px|||false|false\u00bb custom_padding_tablet=\u00bb|10px|||false|false\u00bb custom_padding_phone=\u00bb|30px||30px|false|true\u00bb custom_padding_last_edited=\u00bbon|phone\u00bb text_orientation_tablet=\u00bb\u00bb text_orientation_phone=\u00bbcenter\u00bb text_orientation_last_edited=\u00bbon|desktop\u00bb global_colors_info=\u00bb{}\u00bb]<\/p>\n<p style=\"text-align: left;\"><strong>Direcci\u00f3n de Admisi\u00f3n de la Universidad de Playa Ancha.<\/strong><\/p>\n<p style=\"text-align: left;\"><span style=\"color: #565656;\"><a href=\"https:\/\/goo.gl\/maps\/cgVi1ndZsMRnRehe9\" target=\"_blank\" rel=\"noopener\" style=\"color: #565656;\">Avenida Guillermo Gonz\u00e1lez de Hontaneda N\u00ba 855, Edificio Institucional, quinto piso.<\/a><\/span><\/p>\n<p>[\/et_pb_text][\/et_pb_column][et_pb_column type=\u00bb1_4&#8243; _builder_version=\u00bb4.20.4&#8243; _module_preset=\u00bbdefault\u00bb global_colors_info=\u00bb{}\u00bb][et_pb_image src=\u00bbhttps:\/\/www.upla.cl\/portada\/wp-content\/uploads\/2025\/03\/20250311_upla_acreditada_2022-2027-color.png\u00bb alt=\u00bbUPLA_acreditada_2022-2027&#8243; title_text=\u00bb20250311_upla_acreditada_2022-2027-color (1)\u00bb url=\u00bbhttps:\/\/www.upla.cl\/calidad\/acreditacion\/carreras-pregrado-acreditadas-2\/\u00bb url_new_window=\u00bbon\u00bb align_tablet=\u00bb\u00bb align_phone=\u00bbcenter\u00bb align_last_edited=\u00bbon|phone\u00bb admin_label=\u00bbGr\u00e1fica de acreditaci\u00f3n\u00bb _builder_version=\u00bb4.27.4&#8243; _module_preset=\u00bbdefault\u00bb width_tablet=\u00bb\u00bb width_phone=\u00bb60%\u00bb width_last_edited=\u00bbon|phone\u00bb custom_margin=\u00bb-10px||||false|false\u00bb custom_margin_tablet=\u00bb\u00bb custom_margin_phone=\u00bb\u00bb custom_margin_last_edited=\u00bbon|desktop\u00bb custom_padding=\u00bb||0px|||\u00bb global_colors_info=\u00bb{}\u00bb][\/et_pb_image][et_pb_divider color=\u00bb#009bdb\u00bb divider_position=\u00bbcenter\u00bb disabled_on=\u00bboff|off|on\u00bb _builder_version=\u00bb4.22.2&#8243; _module_preset=\u00bbdefault\u00bb global_colors_info=\u00bb{}\u00bb][\/et_pb_divider][\/et_pb_column][et_pb_column type=\u00bb1_4&#8243; _builder_version=\u00bb4.22.2&#8243; _module_preset=\u00bbdefault\u00bb global_colors_info=\u00bb{}\u00bb][et_pb_blurb title=\u00bbConoce nuestras facultades\u00bb _builder_version=\u00bb4.22.2&#8243; _module_preset=\u00bbdefault\u00bb header_font=\u00bbLato|700|||||||\u00bb header_text_color=\u00bb#565656&#8243; header_font_size=\u00bb16px\u00bb body_font=\u00bbLato||||||||\u00bb body_font_size=\u00bb15px\u00bb min_height=\u00bb338.6px\u00bb custom_padding=\u00bb|10px|0px||false|false\u00bb custom_padding_tablet=\u00bb|10px|||false|false\u00bb custom_padding_phone=\u00bb|30px||30px|false|true\u00bb custom_padding_last_edited=\u00bbon|phone\u00bb header_text_align_tablet=\u00bb\u00bb header_text_align_phone=\u00bbcenter\u00bb header_text_align_last_edited=\u00bbon|phone\u00bb body_text_color_last_edited=\u00bboff|desktop\u00bb text_orientation_tablet=\u00bb\u00bb text_orientation_phone=\u00bbleft\u00bb text_orientation_last_edited=\u00bbon|phone\u00bb global_colors_info=\u00bb{}\u00bb body_text_color__hover_enabled=\u00bbon|desktop\u00bb body_text_color__hover=\u00bb#009bdb\u00bb]<\/p>\n<p><span style=\"color: #009bdb;\">\u00a0<\/span><\/p>\n<p><span style=\"color: #009bdb;\"><a href=\"https:\/\/www.upla.cl\/sanfelipe\/\" target=\"_blank\" rel=\"noopener\" style=\"color: #009bdb3;\">&gt; Campus San Felipe<\/a><\/span><\/p>\n<p><span style=\"color: #009bdb;\"><a href=\"https:\/\/www.arteupla.cl\/\" target=\"_blank\" rel=\"noopener\" style=\"color: #009bdb;\">&gt; Facultad de Arte<\/a><\/span><\/p>\n<p><span style=\"color: #009bdb;\"><a href=\"https:\/\/www.upla.cl\/cienciasactividadfisicaydeporte\/\" target=\"_blank\" rel=\"noopener\" style=\"color: #009bdb;\">&gt; Facultad de Ciencias de Actividad F\u00edsica y del Deporte<\/a><\/span><\/p>\n<p><span style=\"color: #009bdb;\"><a href=\"https:\/\/www.upla.cl\/cienciaseducacion\/\" target=\"_blank\" rel=\"noopener\" style=\"color: #009bdb;\">&gt;Facultad de Ciencias de la Educaci\u00f3n<\/a><\/span><\/p>\n<p><span style=\"color: #009bdb;\"><a href=\"https:\/\/www.upla.cl\/cienciassalud\/\" target=\"_blank\" rel=\"noopener\" style=\"color: #009bdb;\">&gt; Facultad de Ciencias de la Salud<\/a><\/span><\/p>\n<p><span style=\"color: #009bdb;\"><a href=\"https:\/\/upla.cl\/facultad\/cienciasnaturalesyexactas\/\" target=\"_blank\" rel=\"noopener\" style=\"color: #009bdb;\">&gt; Facultad de Ciencias Naturales y Exactas<\/a><\/span><\/p>\n<p><span style=\"color: #009bdb;\"><a href=\"https:\/\/www.upla.cl\/csociales\/\" target=\"_blank\" rel=\"noopener\" style=\"color: #009bdb;\">&gt; Facultad de Ciencias Sociales<\/a><\/span><\/p>\n<p><span style=\"color: #009bdb;\"><a href=\"https:\/\/upla.cl\/facultad\/humanidades\/\" target=\"_blank\" rel=\"noopener\" style=\"color: #009bdb;\">&gt; Facultad de Humanidades<\/a><\/span><\/p>\n<p><span style=\"color: #009bdb;\"><a href=\"https:\/\/www.upla.cl\/facultad\/ingenieria\/\" target=\"_blank\" rel=\"noopener\" style=\"color: #009bdb;\">&gt; Facultad de Ingenier\u00eda<\/a><\/span><\/p>\n<p>[\/et_pb_blurb][et_pb_divider color=\u00bb#009bdb\u00bb divider_position=\u00bbcenter\u00bb disabled_on=\u00bboff|off|on\u00bb _builder_version=\u00bb4.22.2&#8243; _module_preset=\u00bbdefault\u00bb global_colors_info=\u00bb{}\u00bb][\/et_pb_divider][\/et_pb_column][et_pb_column type=\u00bb1_4&#8243; _builder_version=\u00bb4.20.4&#8243; _module_preset=\u00bbdefault\u00bb global_colors_info=\u00bb{}\u00bb][et_pb_text _builder_version=\u00bb4.25.2&#8243; _module_preset=\u00bbdefault\u00bb text_font=\u00bb|700|||||||\u00bb text_text_color=\u00bb#565656&#8243; text_line_height=\u00bb1.2em\u00bb header_text_align_tablet=\u00bb\u00bb header_text_align_phone=\u00bbcenter\u00bb header_text_align_last_edited=\u00bbon|phone\u00bb global_colors_info=\u00bb{}\u00bb]<\/p>\n<p style=\"text-align: center;\"><strong>Buscar en UPLA.cl:<\/strong><\/p>\n<p style=\"text-align: right;\"><strong><\/strong><\/p>\n<form id=\"accesos\" action=\"\" style=\"text-align: center;\"><select name=\"sitio\" onchange=\"window.location = (document.forms.accesos.sitio[document.forms.accesos.sitio.selectedIndex].value);\"><option>Acceso directo:<\/option><option value=\"http:\/\/www.upla.cl\/\">UPLA.cl<\/option><option value=\"http:\/\/sitios.upla.cl\/universidad\/\">La Universidad<\/option><option value=\"http:\/\/sitios.upla.cl\/organigrama\/\">Organigrama<\/option><option value=\"http:\/\/www.upla.cl\/calidad\/acreditacion-upla\/\">Acreditaci\u00f3n<\/option><option value=\"http:\/\/sitios.upla.cl\/campus\/\">Campus &#8211; C\u00f3mo llegar<\/option><option value=\"http:\/\/sitios.upla.cl\/san_felipe\/\">Campus San Felipe<\/option><option value=\"http:\/\/www.upla.cl\/bibliotecas\/\">Bibliotecas<\/option><option value=\"http:\/\/sitios.upla.cl\/principales_oficinas\/\">Oficinas y unidades acad\u00e9micas<\/option><option value=\"http:\/\/sitios.upla.cl\/calendario_academico\/\">Calendario Acad\u00e9mico<\/option><option value=\"http:\/\/sitios.upla.cl\/dgrrii\/\">Relaciones Internacionales<\/option><option value=\"http:\/\/sitios.upla.cl\/egresados\/index.html\">Egresados<\/option><option value=\"http:\/\/alumnos.upla.cl\/webmail\/\">Correo electr\u00f3nico estudiantes<\/option><option value=\"http:\/\/sitios.upla.cl\/dae\/\">Desarrollo Estudiantil<\/option><option value=\"https:\/\/www.upla.cl\/admision\/ayudas-estudiantiles\/\">Becas y Ayudas<\/option><option value=\"http:\/\/sitios.upla.cl\/dae\/serv_medico.html\">Servicio M\u00e9dico<\/option><option value=\"http:\/\/sitios.upla.cl\/soupa\/\">Serv. de Orientaci\u00f3n Universitaria<\/option><option value=\"http:\/\/sitios.upla.cl\/practicas\/\">Pr\u00e1cticas<\/option><option value=\"http:\/\/sitios.upla.cl\/titulosygrados\/\">T\u00edtulos y Grados<\/option><option value=\"https:\/\/www.recaudaciones.bancochile.cl\/cliente\/pgdr\/appfront\/Pag_Login.aspx?IdCon=19\">Portal de Pagos<\/option><option value=\"http:\/\/webmail.upla.cl\/\">Correo electr\u00f3nico institucional<\/option><option value=\"http:\/\/sitios.upla.cl\/proy_investigacion\/\">Direcci\u00f3n General de Investigaci\u00f3n<\/option><option value=\"http:\/\/sitios.upla.cl\/dapei\/\">Planificaci\u00f3n Estrat\u00e9gica<\/option><option value=\"http:\/\/www.upla.cl\/calidad\/\">DIRGECAL<\/option><option value=\"http:\/\/www.arteupla.cl\/\">Arte<\/option><option value=\"http:\/\/creal.upla.cl\/humanidades\/\">Humanidades<\/option><option value=\"http:\/\/www.upla.cl\/educacion\/\">Cs. de la Educaci\u00f3n<\/option><option value=\"http:\/\/www.upla.cl\/actividadfisica\/\">Cs. de la Act. F\u00edsica y del Deporte<\/option><option value=\"http:\/\/www.upla.cl\/ciencias\">Ciencias Naturales y Exactas<\/option><option value=\"http:\/\/www.upla.cl\/cienciasdelasalud\/\">Ciencias de la Salud<\/option><option value=\"http:\/\/www.upla.cl\/facultades\/facultaddecienciassociales.html\">Ciencias Sociales<\/option><option value=\"http:\/\/www.upla.cl\/ingenieria\">Ingenier\u00eda<\/option><\/select><\/form>\n<p>[\/et_pb_text][et_pb_text _builder_version=\u00bb4.22.2&#8243; _module_preset=\u00bbdefault\u00bb text_font=\u00bb|700|||||||\u00bb text_text_color=\u00bb#565656&#8243; text_line_height=\u00bb1.2em\u00bb header_text_align_tablet=\u00bb\u00bb header_text_align_phone=\u00bbcenter\u00bb header_text_align_last_edited=\u00bbon|phone\u00bb global_colors_info=\u00bb{}\u00bb]<\/p>\n<p style=\"text-align: center;\"><strong>S\u00edguenos en nuestras redes sociales:<\/strong><\/p>\n<p>[\/et_pb_text][et_pb_social_media_follow icon_color=\u00bb#FFFFFF\u00bb _builder_version=\u00bb4.22.2&#8243; _module_preset=\u00bbdefault\u00bb text_orientation=\u00bbcenter\u00bb text_orientation_tablet=\u00bb\u00bb text_orientation_phone=\u00bbcenter\u00bb text_orientation_last_edited=\u00bbon|phone\u00bb global_colors_info=\u00bb{}\u00bb][et_pb_social_media_follow_network social_network=\u00bbinstagram\u00bb url=\u00bbhttps:\/\/www.instagram.com\/upla_comunica\/\u00bb _builder_version=\u00bb4.20.4&#8243; _module_preset=\u00bbdefault\u00bb background_color=\u00bb#ea2c59&#8243; global_colors_info=\u00bb{}\u00bb follow_button=\u00bboff\u00bb url_new_window=\u00bbon\u00bb]instagram[\/et_pb_social_media_follow_network][et_pb_social_media_follow_network social_network=\u00bbfacebook\u00bb url=\u00bbhttps:\/\/www.facebook.com\/uplacomunica\u00bb _builder_version=\u00bb4.20.4&#8243; _module_preset=\u00bbdefault\u00bb background_color=\u00bb#3b5998&#8243; global_colors_info=\u00bb{}\u00bb follow_button=\u00bboff\u00bb url_new_window=\u00bbon\u00bb]facebook[\/et_pb_social_media_follow_network][et_pb_social_media_follow_network social_network=\u00bbtwitter\u00bb url=\u00bbhttps:\/\/twitter.com\/upla_comunica\u00bb _builder_version=\u00bb4.22.2&#8243; _module_preset=\u00bbdefault\u00bb background_color=\u00bb#000000&#8243; global_colors_info=\u00bb{}\u00bb follow_button=\u00bboff\u00bb url_new_window=\u00bbon\u00bb]twitter[\/et_pb_social_media_follow_network][et_pb_social_media_follow_network social_network=\u00bbyoutube\u00bb url=\u00bbhttps:\/\/www.youtube.com\/user\/comunicacionesupla\u00bb _builder_version=\u00bb4.20.4&#8243; _module_preset=\u00bbdefault\u00bb background_color=\u00bb#a82400&#8243; global_colors_info=\u00bb{}\u00bb follow_button=\u00bboff\u00bb url_new_window=\u00bbon\u00bb]youtube[\/et_pb_social_media_follow_network][\/et_pb_social_media_follow][\/et_pb_column][\/et_pb_row][\/et_pb_section]<\/p>\n","protected":false},"excerpt":{"rendered":"<p>Junto con brindarte una afectuosa bienvenida, la Universidad de Playa Ancha (UPLA) pone a su disposici\u00f3n el paso a paso el proceso de matr\u00edcula para formalizar tu ingreso a nuestra casa de estudios.<\/p>\n","protected":false},"author":7,"featured_media":129504,"comment_status":"closed","ping_status":"closed","sticky":false,"template":"","format":"standard","meta":{"_et_pb_use_builder":"on","_et_pb_old_content":"","_et_gb_content_width":"","footnotes":""},"categories":[6],"tags":[],"class_list":["post-129489","post","type-post","status-publish","format-standard","has-post-thumbnail","hentry","category-novedades"],"_links":{"self":[{"href":"https:\/\/www.upla.cl\/admision\/wp-json\/wp\/v2\/posts\/129489","targetHints":{"allow":["GET"]}}],"collection":[{"href":"https:\/\/www.upla.cl\/admision\/wp-json\/wp\/v2\/posts"}],"about":[{"href":"https:\/\/www.upla.cl\/admision\/wp-json\/wp\/v2\/types\/post"}],"author":[{"embeddable":true,"href":"https:\/\/www.upla.cl\/admision\/wp-json\/wp\/v2\/users\/7"}],"replies":[{"embeddable":true,"href":"https:\/\/www.upla.cl\/admision\/wp-json\/wp\/v2\/comments?post=129489"}],"version-history":[{"count":30,"href":"https:\/\/www.upla.cl\/admision\/wp-json\/wp\/v2\/posts\/129489\/revisions"}],"predecessor-version":[{"id":129656,"href":"https:\/\/www.upla.cl\/admision\/wp-json\/wp\/v2\/posts\/129489\/revisions\/129656"}],"wp:featuredmedia":[{"embeddable":true,"href":"https:\/\/www.upla.cl\/admision\/wp-json\/wp\/v2\/media\/129504"}],"wp:attachment":[{"href":"https:\/\/www.upla.cl\/admision\/wp-json\/wp\/v2\/media?parent=129489"}],"wp:term":[{"taxonomy":"category","embeddable":true,"href":"https:\/\/www.upla.cl\/admision\/wp-json\/wp\/v2\/categories?post=129489"},{"taxonomy":"post_tag","embeddable":true,"href":"https:\/\/www.upla.cl\/admision\/wp-json\/wp\/v2\/tags?post=129489"}],"curies":[{"name":"wp","href":"https:\/\/api.w.org\/{rel}","templated":true}]}}